{"id":782,"date":"2023-10-24T22:24:20","date_gmt":"2023-10-24T20:24:20","guid":{"rendered":"http:\/\/regionplus.cz\/chuchle\/?p=782"},"modified":"2023-10-24T22:36:03","modified_gmt":"2023-10-24T20:36:03","slug":"chuchelske-zavodiste-navstivil-prezident-ceske-republiky-petr-pavel","status":"publish","type":"post","link":"https:\/\/regionplus.cz\/chuchle\/2023\/10\/24\/chuchelske-zavodiste-navstivil-prezident-ceske-republiky-petr-pavel\/","title":{"rendered":"Chuchelsk\u00e9 z\u00e1vodi\u0161t\u011b nav\u0161t\u00edvil prezident \u010cesk\u00e9 republiky Petr Pavel"},"content":{"rendered":"<p><a href=\"http:\/\/regionplus.cz\/chuchle\/wp-content\/uploads\/sites\/2\/2023\/10\/CPR23_finisopozit.jpeg\"><img loading=\"lazy\" decoding=\"async\" class=\"aligncenter size-full wp-image-787\" src=\"http:\/\/regionplus.cz\/chuchle\/wp-content\/uploads\/sites\/2\/2023\/10\/CPR23_finisopozit.jpeg\" alt=\"\" width=\"600\" height=\"400\" srcset=\"https:\/\/regionplus.cz\/chuchle\/wp-content\/uploads\/sites\/2\/2023\/10\/CPR23_finisopozit.jpeg 600w, https:\/\/regionplus.cz\/chuchle\/wp-content\/uploads\/sites\/2\/2023\/10\/CPR23_finisopozit-300x200.jpeg 300w, https:\/\/regionplus.cz\/chuchle\/wp-content\/uploads\/sites\/2\/2023\/10\/CPR23_finisopozit-450x300.jpeg 450w, https:\/\/regionplus.cz\/chuchle\/wp-content\/uploads\/sites\/2\/2023\/10\/CPR23_finisopozit-120x80.jpeg 120w\" sizes=\"auto, (max-width: 600px) 100vw, 600px\" \/><\/a><\/p>\n<p><strong>V ned\u011bli 22. \u0159\u00edjna 2024 se\u00a0uskute\u010dnilo v Chuchle Aren\u011b Praha p\u0159edposledn\u00ed dostihov\u00e9 odpoledne leto\u0161n\u00ed sez\u00f3ny, jej\u00edm\u017e vrcholem byla tradi\u010dn\u00ed supervytrvaleck\u00e1 zkou\u0161ka, 102. Lokotrans Cena prezidenta republiky, kter\u00e9 mezi rekordn\u00ed n\u00e1v\u0161t\u011bvou p\u011bti tis\u00edcovek div\u00e1k\u016f osobn\u011b p\u0159ihl\u00ed\u017eel i prezident \u010cR Petr Pavel. T\u011bsn\u00fd triumf vybojoval favorizovan\u00fd Magic Merlin, kter\u00fd tak po v\u00fdhr\u00e1ch v St Leger a Velk\u00e9 cen\u011b \u010desk\u00e9ho turfu zavr\u0161il, jako prvn\u00ed v jedn\u00e9 sez\u00f3n\u011b, podzimn\u00ed vytrvaleck\u00fd hattrick.<\/strong><!--more--><\/p>\n<p>Dotace posledn\u00edho rovinov\u00e9ho dostihu nejvy\u0161\u0161\u00ed kategorie v sez\u00f3n\u011b se d\u00edky sponzorovi oproti p\u016fvodn\u00ed propozici zdvojn\u00e1sobila a 102. Lokotrans Cena prezidenta republiky (I. kat., 3200 m, 3l. a st.) se b\u011b\u017eela o 300 tis\u00edc korun. Polovinu z n\u00ed bral v\u00edt\u011bz a t\u00edm se stal favorizovan\u00fd ryz\u00e1k pr\u00e1v\u011b st\u00e1je Lokotrans\u00a0<strong>Magic Merlin<\/strong>, kter\u00fd v z\u00e1v\u011bru svedl strhuj\u00edc\u00ed duel s polosestrou lo\u0148sk\u00e9ho Kon\u011b roku Gaspariniho Garmonou a v nov\u00e9m rekordu dostihu i chuchelsk\u00e9 dr\u00e1hy 3:25,15 o krk zv\u00edt\u011bzil. \u017dokej Martin Laube si zopakoval v\u00edt\u011bzstv\u00ed v tomto dostihu po \u0161esti letech od \u00fasp\u011bchu s Eskerkhanem, tren\u00e9r Lubo\u0161 Urb\u00e1nek a st\u00e1j Lokotrans tento dostih opanovali poprv\u00e9. Magic Merlin si, op\u011bt v Praze, p\u0159ipsal \u010dtvrt\u00e9 kari\u00e9rn\u00ed v\u00edt\u011bzstv\u00ed a po z\u00e1\u0159ijov\u00fdch triumfech v St Leger a Velk\u00e9 cen\u011b \u010desk\u00e9ho turfu z\u00edskal neofici\u00e1ln\u00ed vytrvaleckou trojkorunu, jako prvn\u00ed k\u016f\u0148, jemu\u017e se to poda\u0159ilo v jedn\u00e9 sez\u00f3n\u011b, dosud jedin\u00fd Law Soziri tyto dostihy vyhr\u00e1l v pr\u016fb\u011bhu let 1992 a\u017e 1995.<\/p>\n<p>Skv\u011ble si vedla tak\u00e9 druh\u00e1 v c\u00edli Garmona, reprezentantka st\u00e1je TIPPLER Group, \u010dtvrt\u00e1 z \u010desk\u00e9ho i slovensk\u00e9ho St Leger dos\u00e1hla pod \u017eokejkou Martinou Havelkovou \u017eivotn\u00edho v\u00fdsledku a a\u017e do c\u00edle bojovala s favoritem o v\u00edt\u011bzstv\u00ed. O dv\u011b d\u00e9lky t\u0159et\u00ed fini\u0161oval \u010dty\u0159let\u00fd Dillon, jen\u017e tak o jednu p\u0159\u00ed\u010dku vylep\u0161il sv\u00e9 lo\u0148sk\u00e9 um\u00edst\u011bn\u00ed, nejlep\u0161\u00ed p\u011btici uzav\u0159ely slovensk\u00e9 klisny Abella a Palmera.<\/p>\n<p>V 16. ro\u010dn\u00edku atraktivn\u00ed Ceny b\u011blou\u0161\u016f CK Martin Tour (II. kat., 1612 m, 100 tis.) pro t\u0159\u00edlet\u00e9 a star\u0161\u00ed kon\u011b pouze b\u00edl\u00e9 barvy naopak favorit t\u011bsn\u011b neusp\u011bl a o hlavu p\u0159ed sedmilet\u00fdm Politicumem p\u0159i sv\u00e9 tuzemsk\u00e9 premi\u00e9\u0159e triumfoval p\u011btilet\u00fd valach PP Z\u00e1mrsk, chystan\u00fd Ji\u0159\u00edm Bro\u017eem\u00a0<strong>Parigi\u00a0<\/strong>(celkov\u011b p\u00e1t\u00fd \u017eivotn\u00ed triumf),\u00a0v sedle s mladi\u010dk\u00fdm slovensk\u00fdm \u017e\u00e1kovsk\u00fdm jezdcem Tom\u00e1\u0161em Romanem.<\/p>\n<p>V r\u00e1mcov\u00e9m programu poprv\u00e9 v kari\u00e9\u0159e dva dostihy v jednom odpoledni vyhr\u00e1la \u017e\u00e1kyn\u011b Anna Lebdu\u0161kov\u00e1 a proto\u017ee jedno jej\u00ed v\u00edt\u011bzstv\u00ed se zrodilo v z\u00e1v\u011bre\u010dn\u00e9 kapitole seri\u00e1lu Hipospol Cup, stala se tato jezdkyn\u011b i celkovou v\u00edt\u011bzkou jubilejn\u00edho dvac\u00e1t\u00e9ho ro\u010dn\u00edku t\u00e9to popul\u00e1rn\u00ed s\u00e9rie pra\u017esk\u00fdch dostih\u016f\u00a0pro \u017e\u00e1kovsk\u00e9 a mlad\u00e9 jezdce.<\/p>\n<p>&nbsp;<\/p>\n<p>Pan prezident p\u0159ijel v doprovodu pan\u00ed kancl\u00e9\u0159ky cca ve 14.15 hod. do sal\u00f3nku President, odkud sledoval 4. dostih dne. Pak se, na vlastn\u00ed p\u0159\u00e1n\u00ed, p\u0159esunul na tribunu mezi ostatn\u00ed div\u00e1ky a p\u0159ehl\u00eddku M\u011bstsk\u00e9 policie i \u201esv\u016fj\u201c dostih zhl\u00e9dl ze t\u0159et\u00ed \u0159ady p\u0159\u00edzemn\u00ed tribuny p\u0159ed c\u00edlem.\u00a0N\u00e1sledn\u011b se s pan\u00ed V\u00edtek z\u00fa\u010dastnil ceremoni\u00e1lu p\u0159ed c\u00edlovou podkovou a p\u0159ed\u00e1val poh\u00e1r v\u00edt\u011bzn\u00e9mu \u017eokeji.\u00a0Po hymn\u011b a kr\u00e1tk\u00e9 zdravici na mikrofon, v n\u00ed\u017e pod\u011bkoval za pozv\u00e1n\u00ed, ocenil atmosf\u00e9ru, n\u00e1v\u0161t\u011bvu i \u00farove\u0148 z\u00e1vodi\u0161t\u011b, zam\u00ed\u0159il mezi div\u00e1ky. S\u00a0n\u011bkolika se vyfotografoval a p\u0159es v\u00e1\u017enici zam\u00ed\u0159il ven ze z\u00e1vodi\u0161t\u011b.<\/p>\n<p><a href=\"http:\/\/regionplus.cz\/chuchle\/wp-content\/uploads\/sites\/2\/2023\/10\/CPR23_prezidentrozhovor.jpeg\"><img loading=\"lazy\" decoding=\"async\" class=\"aligncenter size-medium wp-image-786\" src=\"http:\/\/regionplus.cz\/chuchle\/wp-content\/uploads\/sites\/2\/2023\/10\/CPR23_prezidentrozhovor-300x200.jpeg\" alt=\"\" width=\"300\" height=\"200\" srcset=\"https:\/\/regionplus.cz\/chuchle\/wp-content\/uploads\/sites\/2\/2023\/10\/CPR23_prezidentrozhovor-300x200.jpeg 300w, https:\/\/regionplus.cz\/chuchle\/wp-content\/uploads\/sites\/2\/2023\/10\/CPR23_prezidentrozhovor-450x300.jpeg 450w, https:\/\/regionplus.cz\/chuchle\/wp-content\/uploads\/sites\/2\/2023\/10\/CPR23_prezidentrozhovor-120x80.jpeg 120w, https:\/\/regionplus.cz\/chuchle\/wp-content\/uploads\/sites\/2\/2023\/10\/CPR23_prezidentrozhovor.jpeg 600w\" sizes=\"auto, (max-width: 300px) 100vw, 300px\" \/><\/a><\/p>\n<p>Prezident \u010cesk\u00e9 republiky Petr Pavel je teprve t\u0159et\u00edm reprezentantem na\u0161eho st\u00e1tu, kter\u00fd po T. G. Masarykovi (1931) a V\u00e1clavu Klausovi (celkem \u0161estkr\u00e1t v letech 2003 &#8211; 2009) chuchelsk\u00e9 z\u00e1vodi\u0161t\u011b nav\u0161t\u00edvil.<\/p>\n","protected":false},"excerpt":{"rendered":"<p>V ned\u011bli 22. \u0159\u00edjna 2024 se\u00a0uskute\u010dnilo v Chuchle Aren\u011b Praha p\u0159edposledn\u00ed dostihov\u00e9 odpoledne leto\u0161n\u00ed sez\u00f3ny, jej\u00edm\u017e vrcholem byla tradi\u010dn\u00ed supervytrvaleck\u00e1 zkou\u0161ka, 102. Lokotrans Cena prezidenta republiky, kter\u00e9 mezi rekordn\u00ed n\u00e1v\u0161t\u011bvou p\u011bti tis\u00edcovek div\u00e1k\u016f osobn\u011b p\u0159ihl\u00ed\u017eel i prezident \u010cR Petr Pavel. &hellip; <a href=\"https:\/\/regionplus.cz\/chuchle\/2023\/10\/24\/chuchelske-zavodiste-navstivil-prezident-ceske-republiky-petr-pavel\/\">Cel\u00fd p\u0159\u00edsp\u011bvek <span class=\"meta-nav\">&rarr;<\/span><\/a><\/p>\n","protected":false},"author":1,"featured_media":0,"comment_status":"open","ping_status":"open","sticky":false,"template":"","format":"standard","meta":{"footnotes":""},"categories":[1],"tags":[],"class_list":["post-782","post","type-post","status-publish","format-standard","hentry","category-nezarazene"],"_links":{"self":[{"href":"https:\/\/regionplus.cz\/chuchle\/wp-json\/wp\/v2\/posts\/782","targetHints":{"allow":["GET"]}}],"collection":[{"href":"https:\/\/regionplus.cz\/chuchle\/wp-json\/wp\/v2\/posts"}],"about":[{"href":"https:\/\/regionplus.cz\/chuchle\/wp-json\/wp\/v2\/types\/post"}],"author":[{"embeddable":true,"href":"https:\/\/regionplus.cz\/chuchle\/wp-json\/wp\/v2\/users\/1"}],"replies":[{"embeddable":true,"href":"https:\/\/regionplus.cz\/chuchle\/wp-json\/wp\/v2\/comments?post=782"}],"version-history":[{"count":4,"href":"https:\/\/regionplus.cz\/chuchle\/wp-json\/wp\/v2\/posts\/782\/revisions"}],"predecessor-version":[{"id":788,"href":"https:\/\/regionplus.cz\/chuchle\/wp-json\/wp\/v2\/posts\/782\/revisions\/788"}],"wp:attachment":[{"href":"https:\/\/regionplus.cz\/chuchle\/wp-json\/wp\/v2\/media?parent=782"}],"wp:term":[{"taxonomy":"category","embeddable":true,"href":"https:\/\/regionplus.cz\/chuchle\/wp-json\/wp\/v2\/categories?post=782"},{"taxonomy":"post_tag","embeddable":true,"href":"https:\/\/regionplus.cz\/chuchle\/wp-json\/wp\/v2\/tags?post=782"}],"curies":[{"name":"wp","href":"https:\/\/api.w.org\/{rel}","templated":true}]}}