{"id":724,"date":"2023-09-01T20:34:50","date_gmt":"2023-09-01T18:34:50","guid":{"rendered":"http:\/\/regionplus.cz\/chuchle\/?p=724"},"modified":"2023-10-10T20:40:20","modified_gmt":"2023-10-10T18:40:20","slug":"90-let-zs-charlotty-masarykove","status":"publish","type":"post","link":"https:\/\/regionplus.cz\/chuchle\/2023\/09\/01\/90-let-zs-charlotty-masarykove\/","title":{"rendered":"90 let Z\u0160 Charlotty Masarykov\u00e9"},"content":{"rendered":"<p>V z\u00e1\u0159\u00ed leto\u0161n\u00edho roku si p\u0159ipom\u00edn\u00e1me 90 let od otev\u0159en\u00ed Z\u00e1kladn\u00ed \u0161koly Masarykov\u00e9 (17. z\u00e1\u0159\u00ed 1933). Tomuto slavnostn\u00edmu okam\u017eiku p\u0159edch\u00e1zela na svou dobu velmi rychl\u00e1 p\u011btim\u011bs\u00ed\u010dn\u00ed stavba samotn\u00e9 budovy a p\u0159ed t\u00edm dlouholet\u00e1 jedn\u00e1n\u00ed chuchelsk\u00fdch zastupitel\u016f. Jak \u0161la l\u00e9ta, m\u011bnil se n\u00e1zev \u0161koly i samotn\u00fd \u0161koln\u00ed are\u00e1l. V pades\u00e1t\u00fdch letech doplnily budovu \u0161koly postupn\u011b dva pavilony, v devades\u00e1t\u00fdch letech je propojil spojovac\u00ed koridor, vzniklo nov\u00e9 z\u00e1zem\u00ed \u0161koln\u00ed kuchyn\u011b a j\u00eddelny, nov\u00fd byt \u0161koln\u00edka sborovna, sklad u\u010debnic, v\u00fdtah a jazykov\u00e1 u\u010debna. O dvacet let pozd\u011bji byly mal\u00e9 pavilony zbour\u00e1ny a v letech 2012 a 2019 otev\u0159eny pavilony nov\u00e9 a mnohem v\u011bt\u0161\u00ed. Zv\u011bt\u0161ilo se z\u00e1zem\u00ed kuchyn\u011b, j\u00eddelna, t\u011blocvi\u010dna, \u0161atny a kabinety.<\/p>\n<p>Nesm\u00edme zapomenout ani na u\u010ditele a d\u011bti. Po\u010det d\u011bt\u00ed, u\u010ditel\u016f a nepedagogick\u00fdch pracovn\u00edk\u016f se za uplynul\u00fdch devades\u00e1t let t\u00e9m\u011b\u0159 z\u010dty\u0159n\u00e1sobil. Ve \u0161kole p\u0159itom u\u010ditel\u00e9 od po\u010d\u00e1tku vyu\u017e\u00edvali modern\u00ed v\u00fdukov\u00e9 metody a vl\u00e1dla zde v\u017edy p\u0159\u00e1telsk\u00e1 atmosf\u00e9ra mezi u\u010diteli, \u017e\u00e1ky i rodi\u010di. O tom, \u017ee je tomu tak i dnes, se m\u016f\u017eete p\u0159esv\u011bd\u010dit p\u0159i samotn\u00e9 n\u00e1v\u0161t\u011bv\u011b \u0161koly, na webov\u00fdch str\u00e1nk\u00e1ch, kter\u00e9 od 5. z\u00e1\u0159\u00ed najdete na adrese <a href=\"http:\/\/zschuchle.cz\">http:\/\/zschuchle.cz<\/a> a na akc\u00edch, kter\u00fdmi si \u0161kola p\u0159ipom\u00edn\u00e1 uveden\u00e9 v\u00fdro\u010d\u00ed:<\/p>\n<ul>\n<li>9. z\u00e1\u0159\u00ed 2023 \u2013 V r\u00e1mci chuchelsk\u00e9ho posv\u00edcen\u00ed bude v Kav\u00e1rn\u011b K8 p\u0159\u00edstupn\u00e1 v\u00fdstavka fotografi\u00ed Okam\u017eiky z historie Z\u0160 Charlotty Masarykov\u00e9 (ve spolupr\u00e1ci s Rodinn\u00fdm centrem Chuchle \u2013 minim\u00e1ln\u011b do konce z\u00e1\u0159\u00ed).<\/li>\n<li>18. z\u00e1\u0159\u00ed 2023 \u2013 \u017d\u00e1ci a u\u010ditel\u00e9 p\u0159ijdou do \u0161koly po devades\u00e1ti letech ve stylu 30. let, sou\u010dasn\u011b bude na internetu zve\u0159ejn\u011bna virtu\u00e1ln\u00ed v\u00fdstava 90 okam\u017eik\u016f Z\u0160 Charlotty Masarykov\u00e9.<\/li>\n<li>24. \u0159\u00edjna 2023 \u2013 Den otev\u0159en\u00fdch dve\u0159\u00ed p\u0159i p\u0159\u00edle\u017eitosti 90. v\u00fdro\u010d\u00ed Z\u0160 Charlotty Masarykov\u00e9. V\u00fdstavy a prezentace ve t\u0159\u00edd\u00e1ch, prohl\u00eddka \u0161koly, mo\u017enost setk\u00e1n\u00ed absolvent\u016f \u0161koly. Podrobnosti o programu cel\u00e9 odpoledn\u00ed a podve\u010dern\u00ed akce najdete na <a href=\"http:\/\/zschuchle.cz\">http:\/\/zschuchle.cz<\/a>.<\/li>\n<\/ul>\n<p>&nbsp;<\/p>\n<p style=\"text-align: right;\">Mgr. Tom\u00e1\u0161 Hrom\u00e1dka<\/p>\n<p style=\"text-align: right;\">kronik\u00e1\u0159 m\u011bstsk\u00e9 \u010d\u00e1sti Praha \u2013 Velk\u00e1 Chuchle<\/p>\n","protected":false},"excerpt":{"rendered":"<p>V z\u00e1\u0159\u00ed leto\u0161n\u00edho roku si p\u0159ipom\u00edn\u00e1me 90 let od otev\u0159en\u00ed Z\u00e1kladn\u00ed \u0161koly Masarykov\u00e9 (17. z\u00e1\u0159\u00ed 1933). Tomuto slavnostn\u00edmu okam\u017eiku p\u0159edch\u00e1zela na svou dobu velmi rychl\u00e1 p\u011btim\u011bs\u00ed\u010dn\u00ed stavba samotn\u00e9 budovy a p\u0159ed t\u00edm dlouholet\u00e1 jedn\u00e1n\u00ed chuchelsk\u00fdch zastupitel\u016f. Jak \u0161la l\u00e9ta, m\u011bnil &hellip; <a href=\"https:\/\/regionplus.cz\/chuchle\/2023\/09\/01\/90-let-zs-charlotty-masarykove\/\">Cel\u00fd p\u0159\u00edsp\u011bvek <span class=\"meta-nav\">&rarr;<\/span><\/a><\/p>\n","protected":false},"author":1,"featured_media":0,"comment_status":"open","ping_status":"open","sticky":false,"template":"","format":"standard","meta":{"footnotes":""},"categories":[1],"tags":[],"class_list":["post-724","post","type-post","status-publish","format-standard","hentry","category-nezarazene"],"_links":{"self":[{"href":"https:\/\/regionplus.cz\/chuchle\/wp-json\/wp\/v2\/posts\/724","targetHints":{"allow":["GET"]}}],"collection":[{"href":"https:\/\/regionplus.cz\/chuchle\/wp-json\/wp\/v2\/posts"}],"about":[{"href":"https:\/\/regionplus.cz\/chuchle\/wp-json\/wp\/v2\/types\/post"}],"author":[{"embeddable":true,"href":"https:\/\/regionplus.cz\/chuchle\/wp-json\/wp\/v2\/users\/1"}],"replies":[{"embeddable":true,"href":"https:\/\/regionplus.cz\/chuchle\/wp-json\/wp\/v2\/comments?post=724"}],"version-history":[{"count":1,"href":"https:\/\/regionplus.cz\/chuchle\/wp-json\/wp\/v2\/posts\/724\/revisions"}],"predecessor-version":[{"id":725,"href":"https:\/\/regionplus.cz\/chuchle\/wp-json\/wp\/v2\/posts\/724\/revisions\/725"}],"wp:attachment":[{"href":"https:\/\/regionplus.cz\/chuchle\/wp-json\/wp\/v2\/media?parent=724"}],"wp:term":[{"taxonomy":"category","embeddable":true,"href":"https:\/\/regionplus.cz\/chuchle\/wp-json\/wp\/v2\/categories?post=724"},{"taxonomy":"post_tag","embeddable":true,"href":"https:\/\/regionplus.cz\/chuchle\/wp-json\/wp\/v2\/tags?post=724"}],"curies":[{"name":"wp","href":"https:\/\/api.w.org\/{rel}","templated":true}]}}