{"id":686,"date":"2023-05-10T23:04:04","date_gmt":"2023-05-10T21:04:04","guid":{"rendered":"http:\/\/regionplus.cz\/chuchle\/?p=686"},"modified":"2023-05-10T23:04:04","modified_gmt":"2023-05-10T21:04:04","slug":"nektere-vyznamne-osobnosti-pohrbene-na-mistnim-hrbitove","status":"publish","type":"post","link":"https:\/\/regionplus.cz\/chuchle\/2023\/05\/10\/nektere-vyznamne-osobnosti-pohrbene-na-mistnim-hrbitove\/","title":{"rendered":"N\u011bkter\u00e9 v\u00fdznamn\u00e9 osobnosti poh\u0159ben\u00e9 na m\u00edstn\u00edm h\u0159bitov\u011b"},"content":{"rendered":"<p>Pro z\u00e1jemce nab\u00edz\u00edm p\u0159ehled v\u00fdznamn\u00fdch osob poh\u0159ben\u00fdch na chuchelsk\u00e9m h\u0159bitov\u011b. U ka\u017ed\u00e9 osobnosti je uveden rok narozen\u00ed a \u00famrt\u00ed (je-li zn\u00e1m\u00fd), obor a m\u00edsto poh\u0159ben\u00ed (SH = star\u00fd h\u0159bitov, U = urnov\u00fd h\u00e1j). <!--more--><\/p>\n<p>Ota Filip (1945 -2014) \u2013 herec, hrob SH 269<\/p>\n<p>Norbert Fr\u00fdd (1913 &#8211; 1976) \u2013 spisovatel, hrob SH 202<\/p>\n<p>Jaroslav Jankovec (1896 \u2013 1961) \u2013 operetn\u00ed skladatel, hrob SH 58<\/p>\n<p>Karel Kol\u00ednsk\u00fd (1902 \u2013 1994) \u2013 mal\u00ed\u0159, hrob U 71<\/p>\n<p>Vladislav Moulis (1931 \u2013 2006) \u2013 spisovatel, hrob SH 237<\/p>\n<p>Zden\u011bk Nebesk\u00fd\u00a0 (1909 \u2013 1978) \u2013 dostihov\u00fd novin\u00e1\u0159, SH 228<\/p>\n<p>Marie Ossip (1910) \u2013 spisovatelka, hrob SH 84<\/p>\n<p>Franti\u0161ek Novotn\u00fd (1839 \u2013 1879) \u2013 l\u00e9ka\u0159, SH 68<\/p>\n<p>Josef \u0160ach (1919 &#8211; 1986) \u2013 \u017eokej stolet\u00ed, hrob\u00a0 SH 53<\/p>\n<p>Josef Seraf\u00edn (1922 \u2013 2006) \u2013 \u00fa\u010dastn\u00edk boj\u016f na z\u00e1padn\u00ed front\u011b za II. sv. v\u00e1lky, hrob SH 123<\/p>\n<p>Josef Suk (1836 \u2013 1890) \u2013 \u010destn\u00fd ob\u010dan Mal\u00e9 a Velk\u00e9 Chuchle, hrob SH 77<\/p>\n<p>Karel \u0160mejda (1880 \u2013 1945) \u2013 dostihov\u00fd tren\u00e9r, hrob SH 82<\/p>\n<p>Lev Uherek (1865 \u2013 1899) \u2013 p\u0159\u00edrodov\u011bdec, hrob SH 502<\/p>\n<p>Milivoj Uzelac (1919 \u2013 1988) \u2013 dirigent, hrob U 187<\/p>\n<p>Bohum\u00edr Valenta (1937 \u2013 2002) \u2013 mim, herec, hrob U 153<\/p>\n<p>Vlastimil Va\u0148\u00e1tko (1929 &#8211; 2015) \u2013 \u017eokej, \u010d\u00edslo hrobu U 121<\/p>\n<p>&nbsp;<\/p>\n<p>Konkr\u00e9tn\u00ed um\u00edst\u011bn\u00ed hrobu lze nal\u00e9zt na pl\u00e1nku zve\u0159ejn\u011bn\u00e9m v aplikaci <a href=\"https:\/\/ceskehrbitovy.cz\/scripts\/mapa.php?graveyard=276\" target=\"_blank\" rel=\"noopener\">\u010cesk\u00e9 h\u0159bitovy.<\/a><\/p>\n<p>Podrobn\u00e9 \u017eivotopisn\u00e9 informace k jednotliv\u00fdm osob\u00e1m najdete v rubrice Osobnosti.<\/p>\n<p>&nbsp;<\/p>\n<p style=\"text-align: right;\">Zpracoval: Mgr. Tom\u00e1\u0161 Hrom\u00e1dka, kronik\u00e1\u0159 m\u011bstsk\u00e9 \u010d\u00e1sti Praha \u2013 Velk\u00e1 Chuchle<\/p>\n<p style=\"text-align: right;\">10.5. 2023<\/p>\n","protected":false},"excerpt":{"rendered":"<p>Pro z\u00e1jemce nab\u00edz\u00edm p\u0159ehled v\u00fdznamn\u00fdch osob poh\u0159ben\u00fdch na chuchelsk\u00e9m h\u0159bitov\u011b. U ka\u017ed\u00e9 osobnosti je uveden rok narozen\u00ed a \u00famrt\u00ed (je-li zn\u00e1m\u00fd), obor a m\u00edsto poh\u0159ben\u00ed (SH = star\u00fd h\u0159bitov, U = urnov\u00fd h\u00e1j).<\/p>\n","protected":false},"author":1,"featured_media":0,"comment_status":"open","ping_status":"open","sticky":false,"template":"","format":"standard","meta":{"footnotes":""},"categories":[1],"tags":[],"class_list":["post-686","post","type-post","status-publish","format-standard","hentry","category-nezarazene"],"_links":{"self":[{"href":"https:\/\/regionplus.cz\/chuchle\/wp-json\/wp\/v2\/posts\/686","targetHints":{"allow":["GET"]}}],"collection":[{"href":"https:\/\/regionplus.cz\/chuchle\/wp-json\/wp\/v2\/posts"}],"about":[{"href":"https:\/\/regionplus.cz\/chuchle\/wp-json\/wp\/v2\/types\/post"}],"author":[{"embeddable":true,"href":"https:\/\/regionplus.cz\/chuchle\/wp-json\/wp\/v2\/users\/1"}],"replies":[{"embeddable":true,"href":"https:\/\/regionplus.cz\/chuchle\/wp-json\/wp\/v2\/comments?post=686"}],"version-history":[{"count":1,"href":"https:\/\/regionplus.cz\/chuchle\/wp-json\/wp\/v2\/posts\/686\/revisions"}],"predecessor-version":[{"id":687,"href":"https:\/\/regionplus.cz\/chuchle\/wp-json\/wp\/v2\/posts\/686\/revisions\/687"}],"wp:attachment":[{"href":"https:\/\/regionplus.cz\/chuchle\/wp-json\/wp\/v2\/media?parent=686"}],"wp:term":[{"taxonomy":"category","embeddable":true,"href":"https:\/\/regionplus.cz\/chuchle\/wp-json\/wp\/v2\/categories?post=686"},{"taxonomy":"post_tag","embeddable":true,"href":"https:\/\/regionplus.cz\/chuchle\/wp-json\/wp\/v2\/tags?post=686"}],"curies":[{"name":"wp","href":"https:\/\/api.w.org\/{rel}","templated":true}]}}