{"id":580,"date":"2023-04-12T22:22:19","date_gmt":"2023-04-12T20:22:19","guid":{"rendered":"http:\/\/regionplus.cz\/chuchle\/?p=580"},"modified":"2023-04-12T22:30:41","modified_gmt":"2023-04-12T20:30:41","slug":"pred-100-lety-ziskala-velka-chuchle-svuj-oficialni-nazev","status":"publish","type":"post","link":"https:\/\/regionplus.cz\/chuchle\/2023\/04\/12\/pred-100-lety-ziskala-velka-chuchle-svuj-oficialni-nazev\/","title":{"rendered":"P\u0159ed 100 lety z\u00edskala Velk\u00e1 Chuchle sv\u016fj ofici\u00e1ln\u00ed n\u00e1zev"},"content":{"rendered":"<p><em>5. kv\u011btna 1923 bylo p\u0159\u00edpisem \u201eOkresn\u00ed spr\u00e1vy politick\u00e9 na Sm\u00edchov\u011b\u201c ze dne 2. kv\u011btna r. 1923 \u010d. 40806 bylo obci ozn\u00e1meno, \u017ee z rozhodnut\u00ed \u201eMinisterstva vnitra\u201c bylo na\u0161\u00ed obci nav\u017edy p\u0159i\u0159knuto jm\u00e9no Velk\u00e1 Chuchle.<\/em><\/p>\n<p>Tento z\u00e1pis v\u00a0chuchelsk\u00e9 kronice si m\u016f\u017eete p\u0159e\u010d\u00edst na 60. str\u00e1nce prvn\u00edho d\u00edlo chuchelsk\u00e9 kroniky zve\u0159ejn\u011bn\u00e9 na str\u00e1nk\u00e1ch na\u0161\u00ed m\u011bstsk\u00e9 \u010d\u00e1sti na adrese <a href=\"http:\/\/www.chuchle.cz\">www.chuchle.cz<\/a>. Letos tedy slav\u00edme sto let od ofici\u00e1ln\u00edho pojmenov\u00e1n\u00ed na\u0161\u00ed obce. Kde se ale slovo Chuchle vzalo?<!--more--><\/p>\n<p>Podrobn\u011bj\u0161\u00ed informace najdete <a href=\"http:\/\/regionplus.cz\/chuchle\/mc-praha-velka-chuchle\/\">v kapitole o m\u011bstsk\u00e9 \u010d\u00e1sti Praha &#8211; Velk\u00e1 Chuchle<\/a>.<\/p>\n","protected":false},"excerpt":{"rendered":"<p>5. kv\u011btna 1923 bylo p\u0159\u00edpisem \u201eOkresn\u00ed spr\u00e1vy politick\u00e9 na Sm\u00edchov\u011b\u201c ze dne 2. kv\u011btna r. 1923 \u010d. 40806 bylo obci ozn\u00e1meno, \u017ee z rozhodnut\u00ed \u201eMinisterstva vnitra\u201c bylo na\u0161\u00ed obci nav\u017edy p\u0159i\u0159knuto jm\u00e9no Velk\u00e1 Chuchle. Tento z\u00e1pis v\u00a0chuchelsk\u00e9 kronice si m\u016f\u017eete &hellip; <a href=\"https:\/\/regionplus.cz\/chuchle\/2023\/04\/12\/pred-100-lety-ziskala-velka-chuchle-svuj-oficialni-nazev\/\">Cel\u00fd p\u0159\u00edsp\u011bvek <span class=\"meta-nav\">&rarr;<\/span><\/a><\/p>\n","protected":false},"author":1,"featured_media":0,"comment_status":"open","ping_status":"open","sticky":false,"template":"","format":"standard","meta":{"footnotes":""},"categories":[1],"tags":[],"class_list":["post-580","post","type-post","status-publish","format-standard","hentry","category-nezarazene"],"_links":{"self":[{"href":"https:\/\/regionplus.cz\/chuchle\/wp-json\/wp\/v2\/posts\/580","targetHints":{"allow":["GET"]}}],"collection":[{"href":"https:\/\/regionplus.cz\/chuchle\/wp-json\/wp\/v2\/posts"}],"about":[{"href":"https:\/\/regionplus.cz\/chuchle\/wp-json\/wp\/v2\/types\/post"}],"author":[{"embeddable":true,"href":"https:\/\/regionplus.cz\/chuchle\/wp-json\/wp\/v2\/users\/1"}],"replies":[{"embeddable":true,"href":"https:\/\/regionplus.cz\/chuchle\/wp-json\/wp\/v2\/comments?post=580"}],"version-history":[{"count":2,"href":"https:\/\/regionplus.cz\/chuchle\/wp-json\/wp\/v2\/posts\/580\/revisions"}],"predecessor-version":[{"id":583,"href":"https:\/\/regionplus.cz\/chuchle\/wp-json\/wp\/v2\/posts\/580\/revisions\/583"}],"wp:attachment":[{"href":"https:\/\/regionplus.cz\/chuchle\/wp-json\/wp\/v2\/media?parent=580"}],"wp:term":[{"taxonomy":"category","embeddable":true,"href":"https:\/\/regionplus.cz\/chuchle\/wp-json\/wp\/v2\/categories?post=580"},{"taxonomy":"post_tag","embeddable":true,"href":"https:\/\/regionplus.cz\/chuchle\/wp-json\/wp\/v2\/tags?post=580"}],"curies":[{"name":"wp","href":"https:\/\/api.w.org\/{rel}","templated":true}]}}