{"id":577,"date":"2023-04-12T22:19:39","date_gmt":"2023-04-12T20:19:39","guid":{"rendered":"http:\/\/regionplus.cz\/chuchle\/?p=577"},"modified":"2023-04-12T22:19:39","modified_gmt":"2023-04-12T20:19:39","slug":"lavka-pres-zeleznici-v-chuchli-nic-noveho","status":"publish","type":"post","link":"https:\/\/regionplus.cz\/chuchle\/2023\/04\/12\/lavka-pres-zeleznici-v-chuchli-nic-noveho\/","title":{"rendered":"L\u00e1vka p\u0159es \u017eeleznici? V Chuchli nic nov\u00e9ho"},"content":{"rendered":"<p><a href=\"http:\/\/regionplus.cz\/chuchle\/2022\/07\/14\/160-let-zeleznice-v-chuchli\/\">Kdy\u017e byla v roce 1862 zprovozn\u011bna \u010cesk\u00e1 z\u00e1padn\u00ed dr\u00e1ha<\/a>, jednalo se o jednokolejnou tra\u0165. Provoz na trati nebyl zpo\u010d\u00e1tku nijak z\u00e1vratn\u00fd, a tak bezpe\u010dnostn\u00ed opat\u0159en\u00ed na zast\u00e1vce a p\u0159ilehl\u00e9m \u017eelezni\u010dn\u00edm p\u0159ejezdu v Mal\u00e9 Chuchli pom\u011brn\u011b dlouho dosta\u010dovala.<\/p>\n<p>Situace se ov\u0161em zm\u011bnila v letech 1897-1898, kdy vznikla nov\u00e1 stani\u010dn\u00ed budova a na st\u00e1le jednokolejn\u00e9 trati byla u nov\u00e9 budovy z\u0159\u00edzena druh\u00e1 stani\u010dn\u00ed kolej (t\u00edm zde vzniklo mal\u00e9 n\u00e1dra\u017e\u00ed). Nav\u00edc po\u010det vlak\u016f nar\u016fstal. Obec byla tehdy obl\u00edben\u00fdm v\u00fdletn\u00edm m\u00edstem. A tak zvl\u00e1\u0161t\u011b v sez\u00f3n\u011b za\u010dalo doch\u00e1zet k nep\u0159\u00edjemn\u00fdm situac\u00edm, kter\u00e9 kon\u010dily zran\u011bn\u00edm a n\u011bkdy i smrt\u00ed.<\/p>\n<p>Kdy\u017e bylo rozhodnuto o p\u0159id\u00e1n\u00ed druh\u00e9 tra\u0165ov\u00e9 koleje, stala se na \u017eelezni\u010dn\u00ed zast\u00e1vce Kuchelbad \u2013 Mal\u00e1 Chuchle sou\u010d\u00e1st\u00ed projektu stavby tak\u00e9 l\u00e1vka pro p\u011b\u0161\u00ed. Stavba prob\u00edhala v letech 1907 \u2013 1908, kdy byl obnoven \u017eelezni\u010dn\u00ed svr\u0161ek, p\u0159id\u00e1na druh\u00e1 kolej v cel\u00e9 d\u00e9lce od Sm\u00edchova po Radot\u00edn a odstran\u011bny v\u00fdhybky. Stanice Mal\u00e1 Chuchle se tak op\u011bt stala zast\u00e1vkou, kterou z\u016fstala a\u017e do roku 1940, kdy byla zru\u0161ena stejn\u011b, jako zm\u00edn\u011bn\u00e1 l\u00e1vka pro p\u011b\u0161\u00ed, kter\u00e1 cestuj\u00edc\u00edm slou\u017eila 32 let.<\/p>\n<p><a href=\"http:\/\/regionplus.cz\/chuchle\/wp-content\/uploads\/sites\/2\/2023\/04\/lavka-mch.jpg\"><img loading=\"lazy\" decoding=\"async\" class=\"aligncenter size-full wp-image-578\" src=\"http:\/\/regionplus.cz\/chuchle\/wp-content\/uploads\/sites\/2\/2023\/04\/lavka-mch.jpg\" alt=\"\" width=\"600\" height=\"378\" srcset=\"https:\/\/regionplus.cz\/chuchle\/wp-content\/uploads\/sites\/2\/2023\/04\/lavka-mch.jpg 600w, https:\/\/regionplus.cz\/chuchle\/wp-content\/uploads\/sites\/2\/2023\/04\/lavka-mch-300x189.jpg 300w, https:\/\/regionplus.cz\/chuchle\/wp-content\/uploads\/sites\/2\/2023\/04\/lavka-mch-476x300.jpg 476w\" sizes=\"auto, (max-width: 600px) 100vw, 600px\" \/><\/a><\/p>\n<p>L\u00e1vka propojovala ob\u011b n\u00e1stupi\u0161t\u011b \u017eelezni\u010dn\u00ed zast\u00e1vky. Jako perli\u010dku lze uv\u00e9st, \u017ee si zahr\u00e1la i ve filmu. Byly na n\u00ed po\u0159\u00edzeny z\u00e1b\u011bry jedouc\u00edho vlaku ve filmu Barbora \u0159\u00e1d\u00ed re\u017eis\u00e9ra Miroslava Cik\u00e1na (1935). Zm\u00edn\u011bn\u00fd film m\u00e1 nav\u00edc pro chuchelsk\u00e9 patrioty cenu i d\u00edky dal\u0161\u00edm z\u00e1b\u011br\u016fm z\u00a0Mal\u00e9 Chuchle.<\/p>\n","protected":false},"excerpt":{"rendered":"<p>Kdy\u017e byla v roce 1862 zprovozn\u011bna \u010cesk\u00e1 z\u00e1padn\u00ed dr\u00e1ha, jednalo se o jednokolejnou tra\u0165. Provoz na trati nebyl zpo\u010d\u00e1tku nijak z\u00e1vratn\u00fd, a tak bezpe\u010dnostn\u00ed opat\u0159en\u00ed na zast\u00e1vce a p\u0159ilehl\u00e9m \u017eelezni\u010dn\u00edm p\u0159ejezdu v Mal\u00e9 Chuchli pom\u011brn\u011b dlouho dosta\u010dovala. Situace se ov\u0161em &hellip; <a href=\"https:\/\/regionplus.cz\/chuchle\/2023\/04\/12\/lavka-pres-zeleznici-v-chuchli-nic-noveho\/\">Cel\u00fd p\u0159\u00edsp\u011bvek <span class=\"meta-nav\">&rarr;<\/span><\/a><\/p>\n","protected":false},"author":1,"featured_media":0,"comment_status":"open","ping_status":"open","sticky":false,"template":"","format":"standard","meta":{"footnotes":""},"categories":[1],"tags":[],"class_list":["post-577","post","type-post","status-publish","format-standard","hentry","category-nezarazene"],"_links":{"self":[{"href":"https:\/\/regionplus.cz\/chuchle\/wp-json\/wp\/v2\/posts\/577","targetHints":{"allow":["GET"]}}],"collection":[{"href":"https:\/\/regionplus.cz\/chuchle\/wp-json\/wp\/v2\/posts"}],"about":[{"href":"https:\/\/regionplus.cz\/chuchle\/wp-json\/wp\/v2\/types\/post"}],"author":[{"embeddable":true,"href":"https:\/\/regionplus.cz\/chuchle\/wp-json\/wp\/v2\/users\/1"}],"replies":[{"embeddable":true,"href":"https:\/\/regionplus.cz\/chuchle\/wp-json\/wp\/v2\/comments?post=577"}],"version-history":[{"count":1,"href":"https:\/\/regionplus.cz\/chuchle\/wp-json\/wp\/v2\/posts\/577\/revisions"}],"predecessor-version":[{"id":579,"href":"https:\/\/regionplus.cz\/chuchle\/wp-json\/wp\/v2\/posts\/577\/revisions\/579"}],"wp:attachment":[{"href":"https:\/\/regionplus.cz\/chuchle\/wp-json\/wp\/v2\/media?parent=577"}],"wp:term":[{"taxonomy":"category","embeddable":true,"href":"https:\/\/regionplus.cz\/chuchle\/wp-json\/wp\/v2\/categories?post=577"},{"taxonomy":"post_tag","embeddable":true,"href":"https:\/\/regionplus.cz\/chuchle\/wp-json\/wp\/v2\/tags?post=577"}],"curies":[{"name":"wp","href":"https:\/\/api.w.org\/{rel}","templated":true}]}}