{"id":525,"date":"2022-05-16T23:03:58","date_gmt":"2022-05-16T21:03:58","guid":{"rendered":"http:\/\/regionplus.cz\/chuchle\/?p=525"},"modified":"2022-05-28T23:08:06","modified_gmt":"2022-05-28T21:08:06","slug":"historicky-okamzik-pres-vltavu-zacal-znovu-jezdit-privoz","status":"publish","type":"post","link":"https:\/\/regionplus.cz\/chuchle\/2022\/05\/16\/historicky-okamzik-pres-vltavu-zacal-znovu-jezdit-privoz\/","title":{"rendered":"Historick\u00fd okam\u017eik: P\u0159es Vltavu za\u010dal znovu jezdit p\u0159\u00edvoz!"},"content":{"rendered":"<p><span style=\"color: #ff0000;\"><strong>16. kv\u011btna vyjel po dlouh\u00fdch des\u00edtk\u00e1ch let na svoji trasu p\u0159\u00edvoz mezi Velkou Chuchl\u00ed a Mod\u0159any. Zast\u00e1vky jsou ozna\u010deny jako &#8222;Dostihov\u00e1&#8220; a &#8222;Bel\u00e1rie.&#8220; P\u0159\u00edvoz je sou\u010d\u00e1st\u00ed Pra\u017esk\u00e9 integrovan\u00e9 dopravy, je ozna\u010den jako P4 a m\u00e1 charakter do\u010dasn\u00e9ho provozu (od 16. kv\u011btna do konce srpna 2022) a byl z\u0159\u00edzen po dobu opravy Barrandovsk\u00e9ho mostu.\u00a0<\/strong><\/span><\/p>\n<p>Dopravu zaji\u0161\u0165uje lo\u010f s ozna\u010den\u00edm TROJA pro 100 osob, p\u0159\u00edvoz provozuje Pra\u017esk\u00e1 paroplavebn\u00ed spole\u010dnost v dvacetiminutov\u00e9m taktu (v pracovn\u00edch dnech od 7 do 21 hodin, v sobotu a ned\u011bli od 8 do 21 hodin). Prvn\u00ed den provozu p\u0159\u00edvoz svezl 120 cestuj\u00edc\u00edch.<\/p>\n<p><a href=\"http:\/\/regionplus.cz\/chuchle\/wp-content\/uploads\/sites\/2\/2022\/05\/privoz-chuchle-modrany.jpg\"><img loading=\"lazy\" decoding=\"async\" class=\"aligncenter size-full wp-image-530\" src=\"http:\/\/regionplus.cz\/chuchle\/wp-content\/uploads\/sites\/2\/2022\/05\/privoz-chuchle-modrany.jpg\" alt=\"\" width=\"800\" height=\"600\" srcset=\"https:\/\/regionplus.cz\/chuchle\/wp-content\/uploads\/sites\/2\/2022\/05\/privoz-chuchle-modrany.jpg 800w, https:\/\/regionplus.cz\/chuchle\/wp-content\/uploads\/sites\/2\/2022\/05\/privoz-chuchle-modrany-300x225.jpg 300w, https:\/\/regionplus.cz\/chuchle\/wp-content\/uploads\/sites\/2\/2022\/05\/privoz-chuchle-modrany-768x576.jpg 768w, https:\/\/regionplus.cz\/chuchle\/wp-content\/uploads\/sites\/2\/2022\/05\/privoz-chuchle-modrany-400x300.jpg 400w, https:\/\/regionplus.cz\/chuchle\/wp-content\/uploads\/sites\/2\/2022\/05\/privoz-chuchle-modrany-160x120.jpg 160w\" sizes=\"auto, (max-width: 800px) 100vw, 800px\" \/><\/a><\/p>\n<p>Historii chuchelsk\u00fdch p\u0159\u00edvoz\u016f si m\u016f\u017eete p\u0159ipomenout <a href=\"http:\/\/regionplus.cz\/chuchle\/zajimavosti\/doprava\/privozy\/\">zde.<\/a><\/p>\n","protected":false},"excerpt":{"rendered":"<p>16. kv\u011btna vyjel po dlouh\u00fdch des\u00edtk\u00e1ch let na svoji trasu p\u0159\u00edvoz mezi Velkou Chuchl\u00ed a Mod\u0159any. Zast\u00e1vky jsou ozna\u010deny jako &#8222;Dostihov\u00e1&#8220; a &#8222;Bel\u00e1rie.&#8220; P\u0159\u00edvoz je sou\u010d\u00e1st\u00ed Pra\u017esk\u00e9 integrovan\u00e9 dopravy, je ozna\u010den jako P4 a m\u00e1 charakter do\u010dasn\u00e9ho provozu (od 16. &hellip; <a href=\"https:\/\/regionplus.cz\/chuchle\/2022\/05\/16\/historicky-okamzik-pres-vltavu-zacal-znovu-jezdit-privoz\/\">Cel\u00fd p\u0159\u00edsp\u011bvek <span class=\"meta-nav\">&rarr;<\/span><\/a><\/p>\n","protected":false},"author":1,"featured_media":0,"comment_status":"closed","ping_status":"open","sticky":false,"template":"","format":"standard","meta":{"footnotes":""},"categories":[1],"tags":[],"class_list":["post-525","post","type-post","status-publish","format-standard","hentry","category-nezarazene"],"_links":{"self":[{"href":"https:\/\/regionplus.cz\/chuchle\/wp-json\/wp\/v2\/posts\/525","targetHints":{"allow":["GET"]}}],"collection":[{"href":"https:\/\/regionplus.cz\/chuchle\/wp-json\/wp\/v2\/posts"}],"about":[{"href":"https:\/\/regionplus.cz\/chuchle\/wp-json\/wp\/v2\/types\/post"}],"author":[{"embeddable":true,"href":"https:\/\/regionplus.cz\/chuchle\/wp-json\/wp\/v2\/users\/1"}],"replies":[{"embeddable":true,"href":"https:\/\/regionplus.cz\/chuchle\/wp-json\/wp\/v2\/comments?post=525"}],"version-history":[{"count":6,"href":"https:\/\/regionplus.cz\/chuchle\/wp-json\/wp\/v2\/posts\/525\/revisions"}],"predecessor-version":[{"id":541,"href":"https:\/\/regionplus.cz\/chuchle\/wp-json\/wp\/v2\/posts\/525\/revisions\/541"}],"wp:attachment":[{"href":"https:\/\/regionplus.cz\/chuchle\/wp-json\/wp\/v2\/media?parent=525"}],"wp:term":[{"taxonomy":"category","embeddable":true,"href":"https:\/\/regionplus.cz\/chuchle\/wp-json\/wp\/v2\/categories?post=525"},{"taxonomy":"post_tag","embeddable":true,"href":"https:\/\/regionplus.cz\/chuchle\/wp-json\/wp\/v2\/tags?post=525"}],"curies":[{"name":"wp","href":"https:\/\/api.w.org\/{rel}","templated":true}]}}