{"id":470,"date":"2022-02-23T12:15:44","date_gmt":"2022-02-23T11:15:44","guid":{"rendered":"http:\/\/regionplus.cz\/chuchle\/?p=470"},"modified":"2022-05-27T23:03:48","modified_gmt":"2022-05-27T21:03:48","slug":"19-ledna-2022-jubileum-chuchle","status":"publish","type":"post","link":"https:\/\/regionplus.cz\/chuchle\/2022\/02\/23\/19-ledna-2022-jubileum-chuchle\/","title":{"rendered":"19. ledna 2022: Jubileum Chuchle"},"content":{"rendered":"<p>Chuchle byla poprv\u00e9 zm\u00edn\u011bna v souvislosti se sesuvem p\u016fdy v Mal\u00e9 Chuchli 19.1. v roce 1132. P\u0159edn\u00e1\u0161ka k historii byla napl\u00e1nov\u00e1na p\u0159esn\u011b na v\u00fdro\u010dn\u00ed den a p\u0159il\u00e1kala v\u00edce ne\u017e 40 z\u00e1jemc\u016f.<\/p>\n<p>Odborn\u00edk na historii a tak\u00e9 kronik\u00e1\u0159 na\u0161\u00ed obce Mgr. Tom\u00e1\u0161 Hrom\u00e1dka n\u00e1s provedl histori\u00ed od sam\u00fdch po\u010d\u00e1tk\u016f, kdy jsme byli dnem mo\u0159e a\u017e po nedalekou minulost. Po poutav\u00e9 p\u0159edn\u00e1\u0161ce s mnoha zaj\u00edmavostmi pro n\u00e1s poslucha\u010de se rozvinula \u017eiv\u00e1 diskuse. V K8 byla tak\u00e9 instalov\u00e1na v\u00fdstava historick\u00fdch fotografi\u00ed, kter\u00e9 p\u0159ipravil rovn\u011b\u017e pan Hrom\u00e1dka a v\u00fdstavou n\u00e1s pak i provedl. Ne v\u0161echna m\u00edsta bychom bez jeho vysv\u011btlen\u00ed poznali. P\u0159edn\u00e1\u0161ka i komentovan\u00e1 prohl\u00eddka byla nato\u010dena man\u017eely Formanov\u00fdmi a na z\u00e1znam se m\u016f\u017eete pod\u00edvat\u00a0<a href=\"https:\/\/www.youtube.com\/watch?v=XbCu1eClsAI\" target=\"_blank\" rel=\"noopener\">https:\/\/www.youtube.com\/watch?v=XbCu1eClsAI<\/a><\/p>\n<p style=\"text-align: right;\">(p\u0159evzato z webu www.chuchle.cz)<\/p>\n","protected":false},"excerpt":{"rendered":"<p>Chuchle byla poprv\u00e9 zm\u00edn\u011bna v souvislosti se sesuvem p\u016fdy v Mal\u00e9 Chuchli 19.1. v roce 1132. P\u0159edn\u00e1\u0161ka k historii byla napl\u00e1nov\u00e1na p\u0159esn\u011b na v\u00fdro\u010dn\u00ed den a p\u0159il\u00e1kala v\u00edce ne\u017e 40 z\u00e1jemc\u016f. Odborn\u00edk na historii a tak\u00e9 kronik\u00e1\u0159 na\u0161\u00ed obce Mgr. &hellip; <a href=\"https:\/\/regionplus.cz\/chuchle\/2022\/02\/23\/19-ledna-2022-jubileum-chuchle\/\">Cel\u00fd p\u0159\u00edsp\u011bvek <span class=\"meta-nav\">&rarr;<\/span><\/a><\/p>\n","protected":false},"author":1,"featured_media":0,"comment_status":"closed","ping_status":"open","sticky":false,"template":"","format":"standard","meta":{"footnotes":""},"categories":[1],"tags":[],"class_list":["post-470","post","type-post","status-publish","format-standard","hentry","category-nezarazene"],"_links":{"self":[{"href":"https:\/\/regionplus.cz\/chuchle\/wp-json\/wp\/v2\/posts\/470","targetHints":{"allow":["GET"]}}],"collection":[{"href":"https:\/\/regionplus.cz\/chuchle\/wp-json\/wp\/v2\/posts"}],"about":[{"href":"https:\/\/regionplus.cz\/chuchle\/wp-json\/wp\/v2\/types\/post"}],"author":[{"embeddable":true,"href":"https:\/\/regionplus.cz\/chuchle\/wp-json\/wp\/v2\/users\/1"}],"replies":[{"embeddable":true,"href":"https:\/\/regionplus.cz\/chuchle\/wp-json\/wp\/v2\/comments?post=470"}],"version-history":[{"count":2,"href":"https:\/\/regionplus.cz\/chuchle\/wp-json\/wp\/v2\/posts\/470\/revisions"}],"predecessor-version":[{"id":524,"href":"https:\/\/regionplus.cz\/chuchle\/wp-json\/wp\/v2\/posts\/470\/revisions\/524"}],"wp:attachment":[{"href":"https:\/\/regionplus.cz\/chuchle\/wp-json\/wp\/v2\/media?parent=470"}],"wp:term":[{"taxonomy":"category","embeddable":true,"href":"https:\/\/regionplus.cz\/chuchle\/wp-json\/wp\/v2\/categories?post=470"},{"taxonomy":"post_tag","embeddable":true,"href":"https:\/\/regionplus.cz\/chuchle\/wp-json\/wp\/v2\/tags?post=470"}],"curies":[{"name":"wp","href":"https:\/\/api.w.org\/{rel}","templated":true}]}}