{"id":330,"date":"2021-11-26T21:18:21","date_gmt":"2021-11-26T20:18:21","guid":{"rendered":"http:\/\/regionplus.cz\/chuchle\/?p=330"},"modified":"2021-11-27T21:24:37","modified_gmt":"2021-11-27T20:24:37","slug":"chuchelska-knihovna-oslavila-100-vyroci-sveho-vzniku","status":"publish","type":"post","link":"https:\/\/regionplus.cz\/chuchle\/2021\/11\/26\/chuchelska-knihovna-oslavila-100-vyroci-sveho-vzniku\/","title":{"rendered":"Chuchelsk\u00e1 knihovna oslavila 100. v\u00fdro\u010d\u00ed sv\u00e9ho vzniku"},"content":{"rendered":"<p><a href=\"http:\/\/regionplus.cz\/chuchle\/wp-content\/uploads\/sites\/2\/2021\/11\/100-let-knihovnyzm.jpg\"><img loading=\"lazy\" decoding=\"async\" class=\"aligncenter size-full wp-image-333\" src=\"http:\/\/regionplus.cz\/chuchle\/wp-content\/uploads\/sites\/2\/2021\/11\/100-let-knihovnyzm.jpg\" alt=\"\" width=\"800\" height=\"450\" srcset=\"https:\/\/regionplus.cz\/chuchle\/wp-content\/uploads\/sites\/2\/2021\/11\/100-let-knihovnyzm.jpg 800w, https:\/\/regionplus.cz\/chuchle\/wp-content\/uploads\/sites\/2\/2021\/11\/100-let-knihovnyzm-300x169.jpg 300w, https:\/\/regionplus.cz\/chuchle\/wp-content\/uploads\/sites\/2\/2021\/11\/100-let-knihovnyzm-768x432.jpg 768w, https:\/\/regionplus.cz\/chuchle\/wp-content\/uploads\/sites\/2\/2021\/11\/100-let-knihovnyzm-500x281.jpg 500w\" sizes=\"auto, (max-width: 800px) 100vw, 800px\" \/><\/a><\/p>\n<p>24 listopadu 2021 oslavila chuchelsk\u00e1 pobo\u010dka M\u011bstsk\u00e9 knihovny v Praze 100. v\u00fdro\u010d\u00ed sv\u00e9ho vzniku. Stalo se tak ve form\u011b liter\u00e1rn\u00edho po\u0159adu, kter\u00fd se konal v komunitn\u00ed kav\u00e1rn\u011b Rodinn\u00e9ho centra Chuchle v are\u00e1lu K8. Hostem, kter\u00e9ho p\u0159iv\u00edtala knihovnice Tereza Mat\u00e1skov\u00e1, byla spisovatelka Jana Renner. V autorsk\u00e9m \u010dten\u00ed v komorn\u00edm prost\u0159ed\u00ed kav\u00e1rny p\u0159edstavila svoji knihu Prvn\u00ed, state\u010dn\u00e9, jedine\u010dn\u00e9. \u00a0\u00da\u010dastn\u00edci se mohli zaposlouchat do osud\u016f v\u00fdznamn\u00fdch \u017een, jejich\u017e osudy se mohly protnout s Velkou Chuchl\u00ed \u2013 dostihov\u00e9 jezdkyn\u011b Laty Brandisov\u00e9, dcery prvn\u00edho \u010deskoslovensk\u00e9ho prezidenta Alice Masarykov\u00e9 nebo l\u00e9ka\u0159ky, spisovatelky a politi\u010dky Jaroslavy Moserov\u00e9 a sou\u010dasn\u011b se zamyslet nad postaven\u00edm \u017een v na\u0161\u00ed spole\u010dnosti.<\/p>\n<p><!--more--><\/p>\n<p>Obecn\u00ed knihovna ve Velk\u00e9 Chuchli vznikla v roce 1921 slou\u010den\u00edm m\u00edstn\u00edch spolkov\u00fdch knihoven. Do s\u00edt\u011b pobo\u010dek m\u011bstsk\u00e9 knihovny byla zapojena po roce 1968. Je jednou z nejmen\u0161\u00edch knihoven v Praze. V\u00edce informac\u00ed o historii knihovny najdete k <a href=\"http:\/\/regionplus.cz\/chuchle\/kultura\/knihovna\/\">kapitole Knihovna.<\/a><\/p>\n<p>Mgr. Tom\u00e1\u0161 Hrom\u00e1dka<\/p>\n<p>kronik\u00e1\u0159 m\u011bstsk\u00e9 \u010d\u00e1sti Praha \u2013 Velk\u00e1 Chuchle<\/p>\n<p><a href=\"http:\/\/regionplus.cz\/chuchle\/wp-content\/uploads\/sites\/2\/2021\/11\/100-let-knihovnyzm1.jpg\"><img loading=\"lazy\" decoding=\"async\" class=\"aligncenter size-full wp-image-334\" src=\"http:\/\/regionplus.cz\/chuchle\/wp-content\/uploads\/sites\/2\/2021\/11\/100-let-knihovnyzm1.jpg\" alt=\"\" width=\"800\" height=\"674\" srcset=\"https:\/\/regionplus.cz\/chuchle\/wp-content\/uploads\/sites\/2\/2021\/11\/100-let-knihovnyzm1.jpg 800w, https:\/\/regionplus.cz\/chuchle\/wp-content\/uploads\/sites\/2\/2021\/11\/100-let-knihovnyzm1-300x253.jpg 300w, https:\/\/regionplus.cz\/chuchle\/wp-content\/uploads\/sites\/2\/2021\/11\/100-let-knihovnyzm1-768x647.jpg 768w, https:\/\/regionplus.cz\/chuchle\/wp-content\/uploads\/sites\/2\/2021\/11\/100-let-knihovnyzm1-356x300.jpg 356w\" sizes=\"auto, (max-width: 800px) 100vw, 800px\" \/><\/a><\/p>\n","protected":false},"excerpt":{"rendered":"<p>24 listopadu 2021 oslavila chuchelsk\u00e1 pobo\u010dka M\u011bstsk\u00e9 knihovny v Praze 100. v\u00fdro\u010d\u00ed sv\u00e9ho vzniku. Stalo se tak ve form\u011b liter\u00e1rn\u00edho po\u0159adu, kter\u00fd se konal v komunitn\u00ed kav\u00e1rn\u011b Rodinn\u00e9ho centra Chuchle v are\u00e1lu K8. Hostem, kter\u00e9ho p\u0159iv\u00edtala knihovnice Tereza Mat\u00e1skov\u00e1, byla &hellip; <a href=\"https:\/\/regionplus.cz\/chuchle\/2021\/11\/26\/chuchelska-knihovna-oslavila-100-vyroci-sveho-vzniku\/\">Cel\u00fd p\u0159\u00edsp\u011bvek <span class=\"meta-nav\">&rarr;<\/span><\/a><\/p>\n","protected":false},"author":1,"featured_media":0,"comment_status":"open","ping_status":"open","sticky":false,"template":"","format":"standard","meta":{"footnotes":""},"categories":[1],"tags":[],"class_list":["post-330","post","type-post","status-publish","format-standard","hentry","category-nezarazene"],"_links":{"self":[{"href":"https:\/\/regionplus.cz\/chuchle\/wp-json\/wp\/v2\/posts\/330","targetHints":{"allow":["GET"]}}],"collection":[{"href":"https:\/\/regionplus.cz\/chuchle\/wp-json\/wp\/v2\/posts"}],"about":[{"href":"https:\/\/regionplus.cz\/chuchle\/wp-json\/wp\/v2\/types\/post"}],"author":[{"embeddable":true,"href":"https:\/\/regionplus.cz\/chuchle\/wp-json\/wp\/v2\/users\/1"}],"replies":[{"embeddable":true,"href":"https:\/\/regionplus.cz\/chuchle\/wp-json\/wp\/v2\/comments?post=330"}],"version-history":[{"count":3,"href":"https:\/\/regionplus.cz\/chuchle\/wp-json\/wp\/v2\/posts\/330\/revisions"}],"predecessor-version":[{"id":335,"href":"https:\/\/regionplus.cz\/chuchle\/wp-json\/wp\/v2\/posts\/330\/revisions\/335"}],"wp:attachment":[{"href":"https:\/\/regionplus.cz\/chuchle\/wp-json\/wp\/v2\/media?parent=330"}],"wp:term":[{"taxonomy":"category","embeddable":true,"href":"https:\/\/regionplus.cz\/chuchle\/wp-json\/wp\/v2\/categories?post=330"},{"taxonomy":"post_tag","embeddable":true,"href":"https:\/\/regionplus.cz\/chuchle\/wp-json\/wp\/v2\/tags?post=330"}],"curies":[{"name":"wp","href":"https:\/\/api.w.org\/{rel}","templated":true}]}}