{"id":319,"date":"2021-10-19T23:38:32","date_gmt":"2021-10-19T21:38:32","guid":{"rendered":"http:\/\/regionplus.cz\/chuchle\/?p=319"},"modified":"2021-11-14T23:39:27","modified_gmt":"2021-11-14T22:39:27","slug":"v-chuchelskem-haji-byl-odhalen-pomnik-skautskym-obetem-totalit","status":"publish","type":"post","link":"https:\/\/regionplus.cz\/chuchle\/2021\/10\/19\/v-chuchelskem-haji-byl-odhalen-pomnik-skautskym-obetem-totalit\/","title":{"rendered":"V Chuchelsk\u00e9m h\u00e1ji byl odhalen pomn\u00edk skautsk\u00fdm ob\u011btem totalit"},"content":{"rendered":"<p>9. \u0159\u00edjna 2021 byl na cest\u011b pod kostelem sv. Jana Nepomuck\u00e9ho odhalen \u010dleny skautsk\u00e9ho st\u0159ediska Ost\u0159\u00ed\u017e pomn\u00edk skautsk\u00fdm ob\u011btem totalit (1939 \u2013 1945, 1948 \u2013 1989). Stavbu pomn\u00edku se poda\u0159ilo realizovat d\u00edky ve\u0159ejn\u00e9 sb\u00edrce, kterou v lo\u0148sk\u00e9m roce zorganizovala Skautsk\u00e1 nadace Jaroslava Foglara spolu s Nadac\u00ed VIA. Vybralo se 141 400 K\u010d od 139 drobn\u00fdch d\u00e1rc\u016f. V\u00fdstavbu pomn\u00edku podpo\u0159ilo i m\u011bsto Praha a m\u011bstsk\u00e1 \u010d\u00e1st Praha \u2013 Velk\u00e1 Chuchle.<\/p>\n<p><a href=\"http:\/\/regionplus.cz\/chuchle\/wp-content\/uploads\/sites\/2\/2021\/11\/skautsky_pomnik-chuchle.jpg\"><img loading=\"lazy\" decoding=\"async\" class=\"aligncenter size-full wp-image-320\" src=\"http:\/\/regionplus.cz\/chuchle\/wp-content\/uploads\/sites\/2\/2021\/11\/skautsky_pomnik-chuchle.jpg\" alt=\"\" width=\"800\" height=\"458\" srcset=\"https:\/\/regionplus.cz\/chuchle\/wp-content\/uploads\/sites\/2\/2021\/11\/skautsky_pomnik-chuchle.jpg 800w, https:\/\/regionplus.cz\/chuchle\/wp-content\/uploads\/sites\/2\/2021\/11\/skautsky_pomnik-chuchle-300x172.jpg 300w, https:\/\/regionplus.cz\/chuchle\/wp-content\/uploads\/sites\/2\/2021\/11\/skautsky_pomnik-chuchle-768x440.jpg 768w, https:\/\/regionplus.cz\/chuchle\/wp-content\/uploads\/sites\/2\/2021\/11\/skautsky_pomnik-chuchle-500x286.jpg 500w\" sizes=\"auto, (max-width: 800px) 100vw, 800px\" \/><\/a><\/p>\n<p><!--more--><\/p>\n<p>Odhalen\u00ed v 16 hodin se z\u00fa\u010dastnilo v\u00edce ne\u017e 100 skaut\u016f zm\u00edn\u011bn\u00e9ho st\u0159ediska, v\u011bt\u0161inou d\u011bt\u00ed, kte\u0159\u00ed se tento den zapojili do tradi\u010dn\u00ed skautsk\u00e9 sout\u011b\u017ee &#8211; Memori\u00e1lu bratra V\u00edtka (konan\u00e9ho na pam\u00e1tku ob\u011bti komunistick\u00e9ho re\u017eimu), kter\u00fd se konal v Chuchelsk\u00e9m h\u00e1ji. P\u0159\u00edtomni byli i pam\u011btn\u00edci, z\u00e1stupce Skautsk\u00e9 nadace Jaroslava Foglara Roman \u0160antora \u010di starosta m\u011bstsk\u00e9 \u010d\u00e1sti Praha \u2013 Velk\u00e1 Chuchle Martin Melichar.<\/p>\n<p>Slavnost byla zah\u00e1jena zp\u011bvem Jun\u00e1ck\u00e9 hymny, potom p\u0159iv\u00edtal \u00fa\u010dastn\u00edky z\u00e1stupce st\u0159ediska Ost\u0159\u00ed\u017e Stanislav M\u00edka a pod\u011bkoval v\u0161em, kte\u0159\u00ed se o vznik pomn\u00edku zaslou\u017eili. P\u0159\u00edtomn\u00e9 pozdravil i starosta m\u011bstsk\u00e9 \u010d\u00e1sti Martin Melichar. O v\u00fdznamu pomn\u00edku hovo\u0159il v emotivn\u00edm p\u0159\u00edsp\u011bvku pam\u011btn\u00edk a perzekvovan\u00fd skaut Ji\u0159\u00ed Luk\u0161\u00ed\u010dek \u2013 Rys. Mimo jin\u00e9 uvedl:\u00a0<i>&#8222;My pam\u011btn\u00edci jsme si z obou totalit vzali ponau\u010den\u00ed. \u017de velice lehce \u010dlov\u011bk ztr\u00e1c\u00ed svobodu a p\u0159edstavu o tom, \u017ee v\u0161echno je jednoduch\u00e9 a \u017ee v\u0161echno vy\u0159e\u0161\u00edme lusknut\u00edm prstu. Nen\u00ed to tak. Lusknut\u00ed prstu m\u016f\u017ee zazn\u00edt, ale dozn\u00ed a najednou se v\u0161e oto\u010d\u00ed na druhou stranu. Tak\u017ee, jestli\u017ee si dnes u\u017e\u00edv\u00e1me n\u00e1dhern\u00e9 chvilky a mysl\u00edm, \u017ee v posledn\u00ed dob\u011b ty nejlep\u0161\u00ed, tak je to d\u00edky tomu, \u017ee m\u00e1me opravdu svobodu. Va\u017eme si j\u00ed, nen\u00ed to samoz\u0159ejmost.&#8220;<\/i><\/p>\n<p>S p\u0159ipomenut\u00edm skautsk\u00e9 historie v Chuchli a zdej\u0161\u00edch t\u00e1bo\u0159i\u0161\u0165, kam jezdil na v\u00fdpravy tak\u00e9 spisovatel Jaroslav Foglar se sv\u00fdm odd\u00edlem, vystoupil i kronik\u00e1\u0159 Velk\u00e9 Chuchle Tom\u00e1\u0161 Hrom\u00e1dka. N\u00e1sledn\u011b byl pomn\u00edk, dosud zahalen\u00fd vojenskou celtou, chuchelsk\u00fdm starostou Martinem Melicharem a Ji\u0159\u00edm Luk\u0161\u00ed\u010dkem \u2013 Rysem odhalen. Na z\u00e1v\u011br zazn\u011bla Skautsk\u00e1 ve\u010derka. Po ofici\u00e1ln\u00edm ukon\u010den\u00ed n\u00e1sledovaly neform\u00e1ln\u00ed debaty a fotografov\u00e1n\u00ed u pomn\u00edku.<\/p>\n<hr \/>\n<p>Autorem pomn\u00edku je skaut Jind\u0159ich Valenta \u2013 Vlk. Popis pomn\u00ed\u010dku: Dva sloupy zna\u010d\u00ed dv\u011b totality, jsou provedeny z hrub\u00e9 \u017euly. Na krat\u0161\u00edm sloupku je letopo\u010det 1939 \u2013 1945, na druh\u00e9m sloupku potom dva letopo\u010dty 1950 &#8211; 1968, 1970 \u2013 1989, uprost\u0159ed je skautsk\u00e1 lilie v kruhu z \u010dern\u00e9 \u017euly. Realiz\u00e1torem pomn\u00edku byl Jun\u00e1k &#8211; \u010desk\u00fd skaut, 34. st\u0159edisko Ost\u0159\u00ed\u017e Praha, z.s.<\/p>\n","protected":false},"excerpt":{"rendered":"<p>9. \u0159\u00edjna 2021 byl na cest\u011b pod kostelem sv. Jana Nepomuck\u00e9ho odhalen \u010dleny skautsk\u00e9ho st\u0159ediska Ost\u0159\u00ed\u017e pomn\u00edk skautsk\u00fdm ob\u011btem totalit (1939 \u2013 1945, 1948 \u2013 1989). Stavbu pomn\u00edku se poda\u0159ilo realizovat d\u00edky ve\u0159ejn\u00e9 sb\u00edrce, kterou v lo\u0148sk\u00e9m roce zorganizovala Skautsk\u00e1 &hellip; <a href=\"https:\/\/regionplus.cz\/chuchle\/2021\/10\/19\/v-chuchelskem-haji-byl-odhalen-pomnik-skautskym-obetem-totalit\/\">Cel\u00fd p\u0159\u00edsp\u011bvek <span class=\"meta-nav\">&rarr;<\/span><\/a><\/p>\n","protected":false},"author":1,"featured_media":0,"comment_status":"open","ping_status":"open","sticky":false,"template":"","format":"standard","meta":{"footnotes":""},"categories":[1],"tags":[],"class_list":["post-319","post","type-post","status-publish","format-standard","hentry","category-nezarazene"],"_links":{"self":[{"href":"https:\/\/regionplus.cz\/chuchle\/wp-json\/wp\/v2\/posts\/319","targetHints":{"allow":["GET"]}}],"collection":[{"href":"https:\/\/regionplus.cz\/chuchle\/wp-json\/wp\/v2\/posts"}],"about":[{"href":"https:\/\/regionplus.cz\/chuchle\/wp-json\/wp\/v2\/types\/post"}],"author":[{"embeddable":true,"href":"https:\/\/regionplus.cz\/chuchle\/wp-json\/wp\/v2\/users\/1"}],"replies":[{"embeddable":true,"href":"https:\/\/regionplus.cz\/chuchle\/wp-json\/wp\/v2\/comments?post=319"}],"version-history":[{"count":2,"href":"https:\/\/regionplus.cz\/chuchle\/wp-json\/wp\/v2\/posts\/319\/revisions"}],"predecessor-version":[{"id":322,"href":"https:\/\/regionplus.cz\/chuchle\/wp-json\/wp\/v2\/posts\/319\/revisions\/322"}],"wp:attachment":[{"href":"https:\/\/regionplus.cz\/chuchle\/wp-json\/wp\/v2\/media?parent=319"}],"wp:term":[{"taxonomy":"category","embeddable":true,"href":"https:\/\/regionplus.cz\/chuchle\/wp-json\/wp\/v2\/categories?post=319"},{"taxonomy":"post_tag","embeddable":true,"href":"https:\/\/regionplus.cz\/chuchle\/wp-json\/wp\/v2\/tags?post=319"}],"curies":[{"name":"wp","href":"https:\/\/api.w.org\/{rel}","templated":true}]}}