{"id":317,"date":"2021-09-14T23:15:15","date_gmt":"2021-09-14T21:15:15","guid":{"rendered":"http:\/\/regionplus.cz\/chuchle\/?p=317"},"modified":"2022-06-23T11:45:40","modified_gmt":"2022-06-23T09:45:40","slug":"chuchle-v-mediich-2021","status":"publish","type":"post","link":"https:\/\/regionplus.cz\/chuchle\/2021\/09\/14\/chuchle-v-mediich-2021\/","title":{"rendered":"Chuchle v m\u00e9di\u00edch (2021)"},"content":{"rendered":"<p>V\u00fdb\u011br nejzaj\u00edmav\u011bj\u0161\u00edch \u010dl\u00e1nk\u016f a p\u0159\u00edsp\u011bvk\u016f s tematikou Mal\u00e9 a Velk\u00e9 Chuchle v m\u00e9di\u00edch v roce 2021.<\/p>\n<ul>\n<li>22. 1. 2021, \u010cesk\u00e1 televize: <a href=\"https:\/\/www.ceskatelevize.cz\/porady\/1186000189-13-komnata\/220562210800009-13-komnata-michaely-kuklove\/\" target=\"_blank\" rel=\"noopener\">13. komnata Michaely Kuklov\u00e9<\/a><\/li>\n<li>14. 2. 2021, Metro: <a href=\"https:\/\/www.metro.cz\/strakonicka-fasuje-pruh-navic-ale-jen-smerem-do-centra-pf6-\/praha.aspx?c=A210214_124840_metro-praha_hala\" target=\"_blank\" rel=\"noopener\">Strakonick\u00e1 fasuje pruh nav\u00edc. Ale jen sm\u011brem do centra<\/a><\/li>\n<li>13. 5. 2021, Lidovky.cz: <a href=\"https:\/\/www.lidovky.cz\/orientace\/veda\/kaspar-ukazal-ze-vzduch-je-nase-more-pred-110-lety-uskutecnil-prvni-dalkovy-prelet.A210507_165758_ln_veda_litsp\" target=\"_blank\" rel=\"noopener\">Ka\u0161par uk\u00e1zal, \u017ee vzduch je na\u0161e mo\u0159e. P\u0159ed 110 lety uskute\u010dnil prvn\u00ed d\u00e1lkov\u00fd p\u0159elet<\/a><\/li>\n<li>24. 5. 2021, Aktu\u00e1ln\u011b.cz: <a href=\"https:\/\/zpravy.aktualne.cz\/domaci\/kouzlo-chuchelskych-dostihu-na-starych-fotkach-od-prvniho-de\/r~fb82f936ba3111eb99faac1f6b220ee8\/?fbclid=IwAR2SZGkvXCDW6nfkEEq3YHKqKV7yRMhaB5Pqe0-cKt2VUqyWV3tOAarJYuc\">Kouzlo chuchelsk\u00fdch dostih\u016f na star\u00fdch fotk\u00e1ch. Od prvn\u00edho Derby uplynulo ji\u017e 100 let<\/a><\/li>\n<li>11. 6. 2021, Zdopravy.cz: <a href=\"https:\/\/zdopravy.cz\/ocistila-zed-a-nechala-ji-posprejovat-sprava-zeleznic-sverazne-bojuje-proti-nelegalnimu-graffiti-83683\/\" target=\"_blank\" rel=\"noopener\">O\u010distila ze\u010f a nechala ji posprejovat. Spr\u00e1va \u017eeleznic . . sv\u00e9r\u00e1zn\u011b bojuje proti neleg\u00e1ln\u00edmu graffiti<\/a><\/li>\n<li>4. 7. 2021: \u010cesk\u00e1 televize: <a href=\"https:\/\/ct24.ceskatelevize.cz\/specialy\/30-let-zpet\/3334174-30-let-zpet-byvaly-sovetsky-satelit-slavi-americky-den-nezavislosti\">30 let zp\u011bt: B\u00fdval\u00fd sov\u011btsk\u00fd satelit slav\u00ed americk\u00fd Den nez\u00e1vislosti<\/a> (z\u00e1znam z 4. 7. 1991, kdy se na chuchelsk\u00e9m z\u00e1vodi\u0161ti konaly oslavy 215. v\u00fdro\u010d\u00ed vyhl\u00e1\u0161en\u00ed americk\u00e9 nez\u00e1vislosti. Vzd\u00e1t hold svobod\u011b a demokracii p\u0159ijeli do Chuchle mimo jin\u00e9 tehdej\u0161\u00ed ministr zahrani\u010d\u00ed Ji\u0159\u00ed Dienstbier, m\u00edstop\u0159edseda feder\u00e1ln\u00ed vl\u00e1dy Pavel Rychetsk\u00fd \u010di p\u0159edsedkyn\u011b \u010cesk\u00e9 n\u00e1rodn\u00ed rady Dagmar Bure\u0161ov\u00e1).<\/li>\n<li>8. 7. 2021: Forum24.cz (Petr Hlav\u00e1\u010dek): <a href=\"https:\/\/www.forum24.cz\/na-soutoku-vltavy-a-berounky-pribeh-krajiny-ktery-je-treba-vypravet\/?fbclid=IwAR36cWC64diW8KaO59ulvGfDv8wl-9ZjB8wix2m_G8AXA6bFww3v5hHy8Sw\">Na soutoku Vltavy a Berounky: P\u0159\u00edb\u011bh krajiny, kter\u00fd je t\u0159eba vypr\u00e1v\u011bt<\/a><\/li>\n<li>29. \u010dervence 2021, prazska.drbna.cz:<a href=\"https:\/\/prazska.drbna.cz\/z-kraje\/praha-5\/6474-konec-nadherne-spiny-bistro-u-vesele-kozy-na-lihovaru-ustoupilo-developerskemu-projektu.html?fbclid=IwAR33nQUVvU4nZh3vbjGSqHejzx9V-wrCD8wjU87LN1tpJkRQ1BmL_fGO7WQ\" target=\"_blank\" rel=\"noopener\"> Konec n\u00e1dhern\u00e9 \u0161p\u00edny. Bistro U Vesel\u00e9 kozy na Lihovaru ustoupilo developersk\u00e9mu projektu<\/a><\/li>\n<li>30. 8. 2021, iRozhlas.cz: <a href=\"https:\/\/www.irozhlas.cz\/zpravy-domov\/podcast-vinohradska-12-rakovnicko-jesenice-velky-rybnik_2108300600_bar?fbclid=IwAR3ibtRfM2BACUtJ5x6-D4b68Wf2wAp02KSi6jKNR2qFqHWp3iyujISTrig\" target=\"_blank\" rel=\"noopener\">Des\u00edtky st\u00e1tn\u00edch milion\u016f se utopily ve velk\u00e9m rybn\u00edce <\/a>(restituce na z\u00e1vodi\u0161ti)<\/li>\n<li>7. 11. 2021, \u010cesk\u00e1 televize: Velk\u00e1 Chuchle stolet\u00e1 (repr\u00edzov\u00e1n po\u0159ad z cyklu Hled\u00e1n\u00ed ztracen\u00e9ho \u010dasu z roku 2006)<\/li>\n<li><\/li>\n<\/ul>\n","protected":false},"excerpt":{"rendered":"<p>V\u00fdb\u011br nejzaj\u00edmav\u011bj\u0161\u00edch \u010dl\u00e1nk\u016f a p\u0159\u00edsp\u011bvk\u016f s tematikou Mal\u00e9 a Velk\u00e9 Chuchle v m\u00e9di\u00edch v roce 2021. 22. 1. 2021, \u010cesk\u00e1 televize: 13. komnata Michaely Kuklov\u00e9 14. 2. 2021, Metro: Strakonick\u00e1 fasuje pruh nav\u00edc. Ale jen sm\u011brem do centra 13. 5. &hellip; <a href=\"https:\/\/regionplus.cz\/chuchle\/2021\/09\/14\/chuchle-v-mediich-2021\/\">Cel\u00fd p\u0159\u00edsp\u011bvek <span class=\"meta-nav\">&rarr;<\/span><\/a><\/p>\n","protected":false},"author":1,"featured_media":0,"comment_status":"open","ping_status":"open","sticky":false,"template":"","format":"standard","meta":{"footnotes":""},"categories":[1],"tags":[],"class_list":["post-317","post","type-post","status-publish","format-standard","hentry","category-nezarazene"],"_links":{"self":[{"href":"https:\/\/regionplus.cz\/chuchle\/wp-json\/wp\/v2\/posts\/317","targetHints":{"allow":["GET"]}}],"collection":[{"href":"https:\/\/regionplus.cz\/chuchle\/wp-json\/wp\/v2\/posts"}],"about":[{"href":"https:\/\/regionplus.cz\/chuchle\/wp-json\/wp\/v2\/types\/post"}],"author":[{"embeddable":true,"href":"https:\/\/regionplus.cz\/chuchle\/wp-json\/wp\/v2\/users\/1"}],"replies":[{"embeddable":true,"href":"https:\/\/regionplus.cz\/chuchle\/wp-json\/wp\/v2\/comments?post=317"}],"version-history":[{"count":8,"href":"https:\/\/regionplus.cz\/chuchle\/wp-json\/wp\/v2\/posts\/317\/revisions"}],"predecessor-version":[{"id":555,"href":"https:\/\/regionplus.cz\/chuchle\/wp-json\/wp\/v2\/posts\/317\/revisions\/555"}],"wp:attachment":[{"href":"https:\/\/regionplus.cz\/chuchle\/wp-json\/wp\/v2\/media?parent=317"}],"wp:term":[{"taxonomy":"category","embeddable":true,"href":"https:\/\/regionplus.cz\/chuchle\/wp-json\/wp\/v2\/categories?post=317"},{"taxonomy":"post_tag","embeddable":true,"href":"https:\/\/regionplus.cz\/chuchle\/wp-json\/wp\/v2\/tags?post=317"}],"curies":[{"name":"wp","href":"https:\/\/api.w.org\/{rel}","templated":true}]}}