{"id":307,"date":"2021-11-03T16:14:01","date_gmt":"2021-11-03T15:14:01","guid":{"rendered":"http:\/\/regionplus.cz\/chuchle\/?p=307"},"modified":"2021-11-09T16:15:07","modified_gmt":"2021-11-09T15:15:07","slug":"odhalili-davny-pamatnik-tragicke-udalosti","status":"publish","type":"post","link":"https:\/\/regionplus.cz\/chuchle\/2021\/11\/03\/odhalili-davny-pamatnik-tragicke-udalosti\/","title":{"rendered":"Odhalili d\u00e1vn\u00fd pam\u00e1tn\u00edk tragick\u00e9 ud\u00e1losti"},"content":{"rendered":"<p><span style=\"color: #ff0000;\"><strong>V\u00a0r\u00e1mci optimalizace \u017eelezni\u010dn\u00ed trati Praha Sm\u00edchov \u2013 \u010cerno\u0161ice odhalili pracovn\u00edci stavebn\u00ed spole\u010dnosti \u017eelezni\u010dn\u00ed svr\u0161ek a op\u011brn\u00e9 zdi od Barrandova a\u017e po Radot\u00edn. P\u0159i t\u00e9 p\u0159\u00edle\u017eitosti do\u0161lo v\u00a0l\u00e9t\u011b k\u00a0objevu d\u00e1vn\u00e9ho pam\u00e1tn\u00edku tragick\u00e9 ud\u00e1losti, na kter\u00fd upozornil V\u00e1clav Burle.<\/strong><\/span><\/p>\n<p>V\u00edce ne\u017e 60 let poh\u0159e\u0161ovan\u00fd pam\u00e1tn\u00edk n\u00e1hle skonav\u0161\u00ed Josef\u00edny Rypkov\u00e9 z roku 1868 spat\u0159il op\u011bt denn\u00ed svit. St\u00e1l pod\u00e9l cesty mezi Malou a Velkou Chuchl\u00ed Chuchel\u00e1ci m\u00edsto naz\u00fdvali \u201eu k\u0159\u00ed\u017eku.\u201c P\u011b\u0161ina vedla pod kostelem sv. Jana Nepomuck\u00e9ho a\u017e do Mal\u00e9 Chuchle, jej\u00ed z\u00e1v\u011br lemovala ka\u0161tanov\u00e1 alej. Zanikla p\u0159i roz\u0161i\u0159ov\u00e1n\u00ed trati o dv\u011b koleje v 50. letech minul\u00e9ho stolet\u00ed.<\/p>\n<p>M\u011bstsk\u00e1 \u010d\u00e1st Praha \u2013 Velk\u00e1 Chuchle jedn\u00e1 o obnov\u011b k\u0159\u00ed\u017eku v\u00a0p\u016fvodn\u00edm m\u00edst\u011b tak. Jeho znovuosazen\u00ed zat\u00edm br\u00e1n\u00ed nemo\u017enost nasazen\u00ed t\u011b\u017ek\u00e9 techniky, kter\u00e1 je v\u00e1z\u00e1na prac\u00ed na jin\u00e9m m\u00edst\u011b.<\/p>\n<p style=\"text-align: right;\">Mgr. Tom\u00e1\u0161 Hrom\u00e1dka<\/p>\n<p style=\"text-align: right;\">kronik\u00e1\u0159 m\u011bstsk\u00e9 \u010d\u00e1sti Praha \u2013 Velk\u00e1 Chuchle<\/p>\n","protected":false},"excerpt":{"rendered":"<p>V\u00a0r\u00e1mci optimalizace \u017eelezni\u010dn\u00ed trati Praha Sm\u00edchov \u2013 \u010cerno\u0161ice odhalili pracovn\u00edci stavebn\u00ed spole\u010dnosti \u017eelezni\u010dn\u00ed svr\u0161ek a op\u011brn\u00e9 zdi od Barrandova a\u017e po Radot\u00edn. P\u0159i t\u00e9 p\u0159\u00edle\u017eitosti do\u0161lo v\u00a0l\u00e9t\u011b k\u00a0objevu d\u00e1vn\u00e9ho pam\u00e1tn\u00edku tragick\u00e9 ud\u00e1losti, na kter\u00fd upozornil V\u00e1clav Burle. V\u00edce ne\u017e 60 &hellip; <a href=\"https:\/\/regionplus.cz\/chuchle\/2021\/11\/03\/odhalili-davny-pamatnik-tragicke-udalosti\/\">Cel\u00fd p\u0159\u00edsp\u011bvek <span class=\"meta-nav\">&rarr;<\/span><\/a><\/p>\n","protected":false},"author":1,"featured_media":0,"comment_status":"open","ping_status":"open","sticky":false,"template":"","format":"standard","meta":{"footnotes":""},"categories":[1],"tags":[],"class_list":["post-307","post","type-post","status-publish","format-standard","hentry","category-nezarazene"],"_links":{"self":[{"href":"https:\/\/regionplus.cz\/chuchle\/wp-json\/wp\/v2\/posts\/307","targetHints":{"allow":["GET"]}}],"collection":[{"href":"https:\/\/regionplus.cz\/chuchle\/wp-json\/wp\/v2\/posts"}],"about":[{"href":"https:\/\/regionplus.cz\/chuchle\/wp-json\/wp\/v2\/types\/post"}],"author":[{"embeddable":true,"href":"https:\/\/regionplus.cz\/chuchle\/wp-json\/wp\/v2\/users\/1"}],"replies":[{"embeddable":true,"href":"https:\/\/regionplus.cz\/chuchle\/wp-json\/wp\/v2\/comments?post=307"}],"version-history":[{"count":1,"href":"https:\/\/regionplus.cz\/chuchle\/wp-json\/wp\/v2\/posts\/307\/revisions"}],"predecessor-version":[{"id":308,"href":"https:\/\/regionplus.cz\/chuchle\/wp-json\/wp\/v2\/posts\/307\/revisions\/308"}],"wp:attachment":[{"href":"https:\/\/regionplus.cz\/chuchle\/wp-json\/wp\/v2\/media?parent=307"}],"wp:term":[{"taxonomy":"category","embeddable":true,"href":"https:\/\/regionplus.cz\/chuchle\/wp-json\/wp\/v2\/categories?post=307"},{"taxonomy":"post_tag","embeddable":true,"href":"https:\/\/regionplus.cz\/chuchle\/wp-json\/wp\/v2\/tags?post=307"}],"curies":[{"name":"wp","href":"https:\/\/api.w.org\/{rel}","templated":true}]}}