{"id":1253,"date":"2026-03-08T19:30:05","date_gmt":"2026-03-08T18:30:05","guid":{"rendered":"https:\/\/regionplus.cz\/chuchle\/?p=1253"},"modified":"2026-03-08T19:30:50","modified_gmt":"2026-03-08T18:30:50","slug":"pozvanka-na-promitani-vypraveni-ing-frantiska-lapacka","status":"publish","type":"post","link":"https:\/\/regionplus.cz\/chuchle\/2026\/03\/08\/pozvanka-na-promitani-vypraveni-ing-frantiska-lapacka\/","title":{"rendered":"Pozv\u00e1nka na prom\u00edt\u00e1n\u00ed: Vypr\u00e1v\u011bn\u00ed Ing. Franti\u0161ka Lap\u00e1\u010dka"},"content":{"rendered":"<p style=\"text-align: center;\"><strong>\u010ctvrtek 12.3.2026 od 18:00 v Centru K8<\/strong><\/p>\n<div id=\"attachment_518\" style=\"width: 610px\" class=\"wp-caption aligncenter\"><a href=\"http:\/\/regionplus.cz\/chuchle\/wp-content\/uploads\/sites\/2\/2022\/05\/dtj_chuchle_vh_3_3_2007_029.jpg\"><img loading=\"lazy\" decoding=\"async\" aria-describedby=\"caption-attachment-518\" class=\"size-full wp-image-518\" src=\"http:\/\/regionplus.cz\/chuchle\/wp-content\/uploads\/sites\/2\/2022\/05\/dtj_chuchle_vh_3_3_2007_029.jpg\" alt=\"\" width=\"600\" height=\"449\" srcset=\"https:\/\/regionplus.cz\/chuchle\/wp-content\/uploads\/sites\/2\/2022\/05\/dtj_chuchle_vh_3_3_2007_029.jpg 600w, https:\/\/regionplus.cz\/chuchle\/wp-content\/uploads\/sites\/2\/2022\/05\/dtj_chuchle_vh_3_3_2007_029-300x225.jpg 300w, https:\/\/regionplus.cz\/chuchle\/wp-content\/uploads\/sites\/2\/2022\/05\/dtj_chuchle_vh_3_3_2007_029-401x300.jpg 401w, https:\/\/regionplus.cz\/chuchle\/wp-content\/uploads\/sites\/2\/2022\/05\/dtj_chuchle_vh_3_3_2007_029-160x120.jpg 160w\" sizes=\"auto, (max-width: 600px) 100vw, 600px\" \/><\/a><p id=\"caption-attachment-518\" class=\"wp-caption-text\">Ing. Franti\u0161ek Lap\u00e1\u010dek p\u0159i valn\u00e9 hromad\u011b DTJ Velk\u00e1 Chuchle 3. 3. 2007<\/p><\/div>\n<p>Vzpom\u00ednka na pana Ing, Franti\u0161ka Lap\u00e1\u010dka (1924-2022) \u2013 druh\u00e9ho starostu m\u011bstsk\u00e9 \u010d\u00e1sti Praha-Velk\u00e1 Chuchle (1994-1996) a dlouholet\u00e9ho starostu DTJ Velk\u00e1 Chuchle (1990 \u2013 2011). V\u00a0r\u00e1mci programu bude prom\u00edtnut\u00fd rozhovor, kter\u00fd s\u00a0n\u00edm nato\u010dil pan V\u00e1clav Burle.<\/p>\n<p>\u017divotopis Ing. Franti\u0161ka Lap\u00e1\u010dka naleznete zde:\u00a0<a href=\"https:\/\/regionplus.cz\/chuchle\/vyznamne-osobnosti\/lapacek-frantisek\/\">https:\/\/regionplus.cz\/chuchle\/vyznamne-osobnosti\/lapacek-frantisek\/<\/a><\/p>\n<p style=\"text-align: right;\">Klub senior\u016f Velk\u00e1 Chuchle ve spolupr\u00e1ci s \u016eM\u010c<\/p>\n<p>&nbsp;<\/p>\n","protected":false},"excerpt":{"rendered":"<p>\u010ctvrtek 12.3.2026 od 18:00 v Centru K8 Vzpom\u00ednka na pana Ing, Franti\u0161ka Lap\u00e1\u010dka (1924-2022) \u2013 druh\u00e9ho starostu m\u011bstsk\u00e9 \u010d\u00e1sti Praha-Velk\u00e1 Chuchle (1994-1996) a dlouholet\u00e9ho starostu DTJ Velk\u00e1 Chuchle (1990 \u2013 2011). V\u00a0r\u00e1mci programu bude prom\u00edtnut\u00fd rozhovor, kter\u00fd s\u00a0n\u00edm nato\u010dil pan &hellip; <a href=\"https:\/\/regionplus.cz\/chuchle\/2026\/03\/08\/pozvanka-na-promitani-vypraveni-ing-frantiska-lapacka\/\">Cel\u00fd p\u0159\u00edsp\u011bvek <span class=\"meta-nav\">&rarr;<\/span><\/a><\/p>\n","protected":false},"author":1,"featured_media":0,"comment_status":"closed","ping_status":"open","sticky":false,"template":"","format":"standard","meta":{"footnotes":""},"categories":[1],"tags":[],"class_list":["post-1253","post","type-post","status-publish","format-standard","hentry","category-nezarazene"],"_links":{"self":[{"href":"https:\/\/regionplus.cz\/chuchle\/wp-json\/wp\/v2\/posts\/1253","targetHints":{"allow":["GET"]}}],"collection":[{"href":"https:\/\/regionplus.cz\/chuchle\/wp-json\/wp\/v2\/posts"}],"about":[{"href":"https:\/\/regionplus.cz\/chuchle\/wp-json\/wp\/v2\/types\/post"}],"author":[{"embeddable":true,"href":"https:\/\/regionplus.cz\/chuchle\/wp-json\/wp\/v2\/users\/1"}],"replies":[{"embeddable":true,"href":"https:\/\/regionplus.cz\/chuchle\/wp-json\/wp\/v2\/comments?post=1253"}],"version-history":[{"count":2,"href":"https:\/\/regionplus.cz\/chuchle\/wp-json\/wp\/v2\/posts\/1253\/revisions"}],"predecessor-version":[{"id":1255,"href":"https:\/\/regionplus.cz\/chuchle\/wp-json\/wp\/v2\/posts\/1253\/revisions\/1255"}],"wp:attachment":[{"href":"https:\/\/regionplus.cz\/chuchle\/wp-json\/wp\/v2\/media?parent=1253"}],"wp:term":[{"taxonomy":"category","embeddable":true,"href":"https:\/\/regionplus.cz\/chuchle\/wp-json\/wp\/v2\/categories?post=1253"},{"taxonomy":"post_tag","embeddable":true,"href":"https:\/\/regionplus.cz\/chuchle\/wp-json\/wp\/v2\/tags?post=1253"}],"curies":[{"name":"wp","href":"https:\/\/api.w.org\/{rel}","templated":true}]}}