{"id":1224,"date":"2025-11-16T20:58:19","date_gmt":"2025-11-16T19:58:19","guid":{"rendered":"https:\/\/regionplus.cz\/chuchle\/?p=1224"},"modified":"2025-11-16T21:04:21","modified_gmt":"2025-11-16T20:04:21","slug":"slavnostni-rozsviceni-kostela-sv-jana-nepomuckeho","status":"publish","type":"post","link":"https:\/\/regionplus.cz\/chuchle\/2025\/11\/16\/slavnostni-rozsviceni-kostela-sv-jana-nepomuckeho\/","title":{"rendered":"Slavnostn\u00ed rozsv\u00edcen\u00ed kostela sv. Jana Nepomuck\u00e9ho"},"content":{"rendered":"<p><a href=\"http:\/\/regionplus.cz\/chuchle\/wp-content\/uploads\/sites\/2\/2025\/11\/sv-jan-nepomucky-chuchle-rozsviceni-kostela-2025.jpg\"><img loading=\"lazy\" decoding=\"async\" class=\"aligncenter size-full wp-image-1225\" src=\"http:\/\/regionplus.cz\/chuchle\/wp-content\/uploads\/sites\/2\/2025\/11\/sv-jan-nepomucky-chuchle-rozsviceni-kostela-2025.jpg\" alt=\"\" width=\"1000\" height=\"707\" srcset=\"https:\/\/regionplus.cz\/chuchle\/wp-content\/uploads\/sites\/2\/2025\/11\/sv-jan-nepomucky-chuchle-rozsviceni-kostela-2025.jpg 1000w, https:\/\/regionplus.cz\/chuchle\/wp-content\/uploads\/sites\/2\/2025\/11\/sv-jan-nepomucky-chuchle-rozsviceni-kostela-2025-300x212.jpg 300w, https:\/\/regionplus.cz\/chuchle\/wp-content\/uploads\/sites\/2\/2025\/11\/sv-jan-nepomucky-chuchle-rozsviceni-kostela-2025-768x543.jpg 768w, https:\/\/regionplus.cz\/chuchle\/wp-content\/uploads\/sites\/2\/2025\/11\/sv-jan-nepomucky-chuchle-rozsviceni-kostela-2025-424x300.jpg 424w\" sizes=\"auto, (max-width: 1000px) 100vw, 1000px\" \/><\/a><br \/>\nSpole\u010dn\u00e1 akce m\u011bstsk\u00e9 \u010d\u00e1sti Praha &#8211; Velk\u00e1 Chuchle a m\u011bstsk\u00e9 \u010d\u00e1sti Praha 12 symbolicky propoj\u00ed oba b\u0159ehy Vltavy. Slavnostn\u00ed osv\u011btlen\u00ed kostela v Chuchelsk\u00e9m h\u00e1ji bylo realizov\u00e1no v pr\u016fb\u011bhu roku 2025 v souvislosti se zaveden\u00edm elekt\u0159iny na h\u0159bitov a ke kostelu a poprv\u00e9 zku\u0161ebn\u011b rozsv\u00edceno v r\u00e1mci Dne Prahy 12 dne 13. z\u00e1\u0159\u00ed 2025 ve 20 hodin.<\/p>\n<p>Minulost a sou\u010dasnost kostela p\u0159ipomene v\u00fdstavka fotografi\u00ed v kav\u00e1rn\u011b K8 v pr\u016fb\u011bhu prosince. Historick\u00e9 obr\u00e1zky si m\u016f\u017eete tak\u00e9 prohl\u00e9dnout p\u0159\u00edmo v kostele p\u0159i adventn\u00edch akc\u00edch.<\/p>\n","protected":false},"excerpt":{"rendered":"<p>Spole\u010dn\u00e1 akce m\u011bstsk\u00e9 \u010d\u00e1sti Praha &#8211; Velk\u00e1 Chuchle a m\u011bstsk\u00e9 \u010d\u00e1sti Praha 12 symbolicky propoj\u00ed oba b\u0159ehy Vltavy. Slavnostn\u00ed osv\u011btlen\u00ed kostela v Chuchelsk\u00e9m h\u00e1ji bylo realizov\u00e1no v pr\u016fb\u011bhu roku 2025 v souvislosti se zaveden\u00edm elekt\u0159iny na h\u0159bitov a ke kostelu &hellip; <a href=\"https:\/\/regionplus.cz\/chuchle\/2025\/11\/16\/slavnostni-rozsviceni-kostela-sv-jana-nepomuckeho\/\">Cel\u00fd p\u0159\u00edsp\u011bvek <span class=\"meta-nav\">&rarr;<\/span><\/a><\/p>\n","protected":false},"author":1,"featured_media":0,"comment_status":"closed","ping_status":"open","sticky":false,"template":"","format":"standard","meta":{"footnotes":""},"categories":[1],"tags":[],"class_list":["post-1224","post","type-post","status-publish","format-standard","hentry","category-nezarazene"],"_links":{"self":[{"href":"https:\/\/regionplus.cz\/chuchle\/wp-json\/wp\/v2\/posts\/1224","targetHints":{"allow":["GET"]}}],"collection":[{"href":"https:\/\/regionplus.cz\/chuchle\/wp-json\/wp\/v2\/posts"}],"about":[{"href":"https:\/\/regionplus.cz\/chuchle\/wp-json\/wp\/v2\/types\/post"}],"author":[{"embeddable":true,"href":"https:\/\/regionplus.cz\/chuchle\/wp-json\/wp\/v2\/users\/1"}],"replies":[{"embeddable":true,"href":"https:\/\/regionplus.cz\/chuchle\/wp-json\/wp\/v2\/comments?post=1224"}],"version-history":[{"count":4,"href":"https:\/\/regionplus.cz\/chuchle\/wp-json\/wp\/v2\/posts\/1224\/revisions"}],"predecessor-version":[{"id":1229,"href":"https:\/\/regionplus.cz\/chuchle\/wp-json\/wp\/v2\/posts\/1224\/revisions\/1229"}],"wp:attachment":[{"href":"https:\/\/regionplus.cz\/chuchle\/wp-json\/wp\/v2\/media?parent=1224"}],"wp:term":[{"taxonomy":"category","embeddable":true,"href":"https:\/\/regionplus.cz\/chuchle\/wp-json\/wp\/v2\/categories?post=1224"},{"taxonomy":"post_tag","embeddable":true,"href":"https:\/\/regionplus.cz\/chuchle\/wp-json\/wp\/v2\/tags?post=1224"}],"curies":[{"name":"wp","href":"https:\/\/api.w.org\/{rel}","templated":true}]}}