{"id":1222,"date":"2025-11-16T20:52:08","date_gmt":"2025-11-16T19:52:08","guid":{"rendered":"https:\/\/regionplus.cz\/chuchle\/?p=1222"},"modified":"2025-11-16T20:52:08","modified_gmt":"2025-11-16T19:52:08","slug":"v-roce-1815-vznikla-v-chuchli-skola-a-byl-zrizen-novy-hrbitov","status":"publish","type":"post","link":"https:\/\/regionplus.cz\/chuchle\/2025\/11\/16\/v-roce-1815-vznikla-v-chuchli-skola-a-byl-zrizen-novy-hrbitov\/","title":{"rendered":"V roce 1815 vznikla v Chuchli \u0161kola a byl z\u0159\u00edzen nov\u00fd h\u0159bitov"},"content":{"rendered":"<p>Dnes u\u017e si Chuchli bez \u0161koly ani nedovedeme p\u0159edstavit. A p\u0159itom dlouh\u00e1 l\u00e9ta po zaveden\u00ed povinn\u00e9 \u0161koln\u00ed doch\u00e1zky Mari\u00ed Terezi\u00ed v\u00a0Mal\u00e9 i Velk\u00e9 Chuchli \u0161kola nebyla. V okoln\u00edch obc\u00edch p\u0159itom \u0161koly existovaly &#8211; na Zbraslavi se u\u010dilo ji\u017e od roku 1758, v Radot\u00edn\u011b od roku 1715, ve Slivenci od roku 1750, Chuchle si musela po\u010dkat a\u017e do roku 1815.<\/p>\n<p><!--more--><\/p>\n<p>Tehdy byla postavena v\u00a0Mal\u00e9 Chuchli prvn\u00ed \u0161koln\u00ed budova n\u00e1kladem zbraslavsk\u00e9ho panstv\u00ed a ob\u010dan\u016f Mal\u00e9 a Velk\u00e9 Chuchle. Pozemek, na kter\u00e9m objekt st\u00e1l, m\u011bl p\u016fvodn\u011b dva majitele &#8211; prvn\u00edm z nich byla c\u00edrkev (\u0161lo o z\u00e1du\u0161n\u00ed pozemek se h\u0159bitovem), druh\u00fdm majitelem byl tehdej\u0161\u00ed chuchelsk\u00fd rycht\u00e1\u0159 V\u00e1clav B\u00edl\u00fd. Bylo nejprve rozhodnuto p\u016fvodn\u00ed h\u0159bitov u kostela Narozen\u00ed Panny Marie p\u0159esunout do dne\u0161n\u00edho Chuchelsk\u00e9ho h\u00e1je, v\u017edy\u0165 chuchel\u0161t\u00ed si tehdy \u010dasto st\u011b\u017eovali, \u017ee p\u0159i jarn\u00edch povodn\u00edch jim voda hroby vyplavuje. Dodnes tuto ud\u00e1lost p\u0159ipom\u00edn\u00e1 pam\u011btn\u00ed deska na jednom z\u00a0hrob\u016f na h\u0159bitov\u011b v\u00a0Chuchelsk\u00e9m h\u00e1ji<\/p>\n<p>Slavnostn\u00ed vysv\u011bcen\u00ed nov\u00e9 \u0161koln\u00ed budovy se konalo o rok pozd\u011bji. Velk\u00e9 slavnosti dne 26. \u010dervna 1816 se za c\u00edrkev \u00fa\u010dastnil \u0161koln\u00ed dozorce, konzisto\u0159n\u00ed rada a far\u00e1\u0159 p\u0159i kostele P. Marie p\u0159ed T\u00fdnem P.\u00a0Franti\u0161ek de P. Crabath<strong>.<\/strong>\u00a0D\u00e1le byli p\u0159\u00edtomni berounsk\u00fd krajsk\u00fd hejtman Prokop a p\u0159edstaven\u00ed Zbraslavi Pelz s Kellnerem, kte\u0159\u00ed darovali \u0161kole obraz c\u00edsa\u0159e a kr\u00e1le Franti\u0161ka I. od mal\u00ed\u0159e Hor\u010di\u010dky, kter\u00fd, jak dokl\u00e1d\u00e1 prad\u00e1vn\u00e1 \u0161koln\u00ed kronika \u2013 <em>\u201emezi v\u00ed\u0159en\u00edm bubn\u016f, hlaholu trub a h\u0159m\u011bn\u00edm ran z hmo\u017ed\u00ed\u0159\u016f ve \u0161kole zav\u011b\u0161en byl.\u201c<\/em><\/p>\n<p>Pro podporu chuchelsk\u00fdch u\u010ditel\u016f pra\u017esk\u00fd m\u011b\u0161\u0165an a sl\u00e1dek Anton\u00edn August Ullrich zalo\u017eil ji\u017e v roce 1811 nadaci, do kter\u00e9 vlo\u017eil 1500 zlat\u00fdch a nav\u00edc dal\u0161\u00edmi 200 zlatkami p\u0159isp\u011bl na stavbu budovy. Anton\u00edn August Ullrich v chuchelsk\u00fdch l\u00e1zn\u00edch \u010dasto pob\u00fdval. Z\u00e1sluhu na vzniku nadace a vzniku u\u010ditelsk\u00e9ho m\u00edsta m\u011bl tehdej\u0161\u00ed majitel chuchelsk\u00fdch l\u00e1zn\u00ed a zemsk\u00fd advok\u00e1t Anton\u00edn Pavlovsk\u00fd a malochuchelsk\u00fd rycht\u00e1\u0159 Anton\u00edn B\u00edl\u00fd, jejich\u017e vliv je v Ulrrichov\u011b \u010dinu patrn\u00fd.<\/p>\n<p>V nada\u010dn\u00ed listin\u011b se p\u00ed\u0161e: <em>\u201eJeliko\u017e v Mariansk\u00fdch l\u00e1zn\u00edch v m\u00edst\u011b Mal\u00e9 Chuchli, n\u00e1bo\u017eensk\u00fd fond panstv\u00ed Zbraslavsk\u00e9ho, a\u017e doposud \u017e\u00e1dn\u00fd u\u010ditel ustanoven nen\u00ed a d\u00edtky m\u00edsta Mal\u00e9 Chuchle i s d\u00edtkami Velk\u00e9 Chuchle bez vychov\u00e1n\u00ed a vyu\u010dov\u00e1n\u00ed vyr\u016fstaj\u00ed, proto\u017ee od ka\u017ed\u00e9 \u0161koly vzd\u00e1leny jsou, aby takov\u00e9 nav\u0161t\u011bvovati mohly, tak jsem j\u00e1, n\u00ed\u017eepsan\u00fd pra\u017esk\u00fd m\u011b\u0161\u0165an, v p\u0159esv\u011bd\u010den\u00ed, \u017ee u\u010din\u00edm dobr\u00fd skutek ku blahu \u010dlov\u011b\u010denstva a zvl\u00e1\u0161t\u011b nevinn\u00e9 ml\u00e1de\u017ee odhodlal jsem se&#8230;&#8220; <\/em>U\u010ditel m\u011bl z nadace n\u00e1rok na odm\u011bnu 75 zlat\u00fdch. Ullrichovi \u0161lo zejm\u00e9na o udr\u017een\u00ed u\u010ditele v Mal\u00e9 Chuchli, aby tento u\u010ditel u\u010dil modern\u00ed metodou a aby k Mal\u00e9 Chuchli byla nav\u017edy p\u0159i\u0161kolena Velk\u00e1 Chuchle. Nav\u00edc m\u011bl u\u010ditel v\u017edy na z\u00e1v\u011br \u0161koln\u00edho roku p\u0159ipojovat k z\u00e1v\u011bre\u010dn\u00e9 modlitb\u011b \u017e\u00e1k\u016f p\u0159ipom\u00ednku: <em>\u201eV\u0161emohouc\u00ed Bo\u017ee! Budi\u017e Anton\u00ednu Augustu Ullrichovi, zakladateli t\u00e9to \u0161koly, na\u0161emu dobrodinci, milostiv a odm\u011b\u0148 ho.\u201c <\/em><\/p>\n<p>Prvn\u00edm u\u010ditelem v nov\u011b postaven\u00e9 \u0161kole v Mal\u00e9 Chuchli byl je\u0161t\u011b p\u0159ed dokon\u010den\u00edm stavby ustanoven Anton\u00edn Sk\u0159iv\u00e1nek, kter\u00fd nejprve vyu\u010doval v najat\u00e9 sv\u011btni\u010dce v l\u00e1zn\u00edch v \u010dp. 6 a pozd\u011bji v \u010dp. 7.<\/p>\n<p style=\"text-align: right;\">Tom\u00e1\u0161 Hrom\u00e1dka, kronik\u00e1\u0159 m\u011bstsk\u00e9 \u010d\u00e1sti Praha \u2013 Velk\u00e1 Chuchle<\/p>\n<p>&nbsp;<\/p>\n","protected":false},"excerpt":{"rendered":"<p>Dnes u\u017e si Chuchli bez \u0161koly ani nedovedeme p\u0159edstavit. A p\u0159itom dlouh\u00e1 l\u00e9ta po zaveden\u00ed povinn\u00e9 \u0161koln\u00ed doch\u00e1zky Mari\u00ed Terezi\u00ed v\u00a0Mal\u00e9 i Velk\u00e9 Chuchli \u0161kola nebyla. V okoln\u00edch obc\u00edch p\u0159itom \u0161koly existovaly &#8211; na Zbraslavi se u\u010dilo ji\u017e od roku &hellip; <a href=\"https:\/\/regionplus.cz\/chuchle\/2025\/11\/16\/v-roce-1815-vznikla-v-chuchli-skola-a-byl-zrizen-novy-hrbitov\/\">Cel\u00fd p\u0159\u00edsp\u011bvek <span class=\"meta-nav\">&rarr;<\/span><\/a><\/p>\n","protected":false},"author":1,"featured_media":0,"comment_status":"closed","ping_status":"open","sticky":false,"template":"","format":"standard","meta":{"footnotes":""},"categories":[1],"tags":[],"class_list":["post-1222","post","type-post","status-publish","format-standard","hentry","category-nezarazene"],"_links":{"self":[{"href":"https:\/\/regionplus.cz\/chuchle\/wp-json\/wp\/v2\/posts\/1222","targetHints":{"allow":["GET"]}}],"collection":[{"href":"https:\/\/regionplus.cz\/chuchle\/wp-json\/wp\/v2\/posts"}],"about":[{"href":"https:\/\/regionplus.cz\/chuchle\/wp-json\/wp\/v2\/types\/post"}],"author":[{"embeddable":true,"href":"https:\/\/regionplus.cz\/chuchle\/wp-json\/wp\/v2\/users\/1"}],"replies":[{"embeddable":true,"href":"https:\/\/regionplus.cz\/chuchle\/wp-json\/wp\/v2\/comments?post=1222"}],"version-history":[{"count":1,"href":"https:\/\/regionplus.cz\/chuchle\/wp-json\/wp\/v2\/posts\/1222\/revisions"}],"predecessor-version":[{"id":1223,"href":"https:\/\/regionplus.cz\/chuchle\/wp-json\/wp\/v2\/posts\/1222\/revisions\/1223"}],"wp:attachment":[{"href":"https:\/\/regionplus.cz\/chuchle\/wp-json\/wp\/v2\/media?parent=1222"}],"wp:term":[{"taxonomy":"category","embeddable":true,"href":"https:\/\/regionplus.cz\/chuchle\/wp-json\/wp\/v2\/categories?post=1222"},{"taxonomy":"post_tag","embeddable":true,"href":"https:\/\/regionplus.cz\/chuchle\/wp-json\/wp\/v2\/tags?post=1222"}],"curies":[{"name":"wp","href":"https:\/\/api.w.org\/{rel}","templated":true}]}}