{"id":1172,"date":"2025-04-25T20:56:35","date_gmt":"2025-04-25T18:56:35","guid":{"rendered":"https:\/\/regionplus.cz\/chuchle\/?p=1172"},"modified":"2025-05-25T20:59:19","modified_gmt":"2025-05-25T18:59:19","slug":"30-let-chuchelskeho-zpravodaje","status":"publish","type":"post","link":"https:\/\/regionplus.cz\/chuchle\/2025\/04\/25\/30-let-chuchelskeho-zpravodaje\/","title":{"rendered":"30 let Chuchelsk\u00e9ho zpravodaje"},"content":{"rendered":"<p>V roce 2025 slav\u00ed Chuchelsk\u00fd zpravodaj v\u00fdznamn\u00e9 jubileum. V roce 1995 zastupitelstvo m\u011bstsk\u00e9 \u010d\u00e1sti rozhodlo o vyd\u00e1v\u00e1n\u00ed pravideln\u011b vych\u00e1zej\u00edc\u00edho periodika s informacemi o d\u011bn\u00ed v Mal\u00e9 a Velk\u00e9 Chuchli.<!--more--><\/p>\n<p>Na jeho vyd\u00e1v\u00e1n\u00ed i zpracov\u00e1n\u00ed obsahu m\u011bli v prvn\u00edm roce existence nejv\u011bt\u0161\u00ed z\u00e1sluhu Jaroslav Dost\u00e1lek (tajemn\u00edk \u00fa\u0159adu), Martina Luhanov\u00e1 (pracovnice podatelny), Jan Z\u00e1gler (zastupitel m\u011bstsk\u00e9 \u010d\u00e1sti) a Ing. Franti\u0161ek Lap\u00e1\u010dek (starosta m\u011bstsk\u00e9 \u010d\u00e1sti).\u00a0 Radnice v prvn\u00edm roce existence ne\u00fasp\u011b\u0161n\u011b vyzkou\u0161ela zpoplatn\u011bn\u00ed zpravodaje, od n\u00e1sleduj\u00edc\u00edho roku a\u017e do sou\u010dasnosti je zdarma. Zpravodaj za uplynul\u00e1 l\u00e9ta pro\u0161el \u0159adou zm\u011bn. P\u016fvodn\u011b n\u011bkolikastr\u00e1nkov\u00fd bulletin zpracov\u00e1van\u00fd na psac\u00edm stroji nahradila hned v prvn\u00edm roce po\u010d\u00edta\u010dov\u00e1 grafika a profesion\u00e1ln\u00ed zpracov\u00e1n\u00ed v chuchelsk\u00e9 tisk\u00e1rn\u011b Reproservis, kde byla tak\u00e9 dosud vyti\u0161t\u011bna v\u011bt\u0161ina v\u00fdtisk\u016f. Zm\u011bnila se distribuce i form\u00e1t zpravodaje \u2013 p\u016fvodn\u00ed form\u00e1t A5 upom\u00ednaj\u00edc\u00ed na tradi\u010dn\u00ed dostihov\u00fd program byl v roce 2012 zm\u011bn\u011bn\u00fd na sou\u010dasn\u00fd form\u00e1t A4, ve stejn\u00e9m obdob\u00ed se tak\u00e9 prom\u011bnila logo a barevnost a vznikla tak\u00e9 nez\u00e1visl\u00e1 redak\u010dn\u00ed rada, kter\u00e1 v\u011bnovala obsahu zpravodaje. I ten pro\u0161el prom\u011bnou \u2013 od informa\u010dn\u00edho v\u011bstn\u00edku zpracov\u00e1van\u00e9ho m\u011bs\u00ed\u010dn\u011b pracovn\u00edky \u00fa\u0159adu a dobrovoln\u00edky po sou\u010dasn\u00fd form\u00e1t dvoum\u011bs\u00ed\u010dn\u00edho periodika veden\u00e9ho placen\u00fdm \u0161\u00e9fredaktorem. Pokud vyrovn\u00e1me vedle sebe v\u0161echny sv\u00e1zan\u00e9 ro\u010dn\u00edky Chuchelsk\u00e9ho zpravodaje, zaberou n\u00e1m t\u00e9m\u011b\u0159 metr d\u00e9lky v knihovn\u011b. Stovky \u010dl\u00e1nk\u016f, informac\u00ed, fotografi\u00ed, tis\u00edce hodin pr\u00e1ce p\u0159isp\u011bvatel\u016f, fotograf\u016f a redaktor\u016f dokumentuj\u00ed v\u00fdvoj Mal\u00e9 a Velk\u00e9 Chuchle v uplynul\u00fdch letech. Nezb\u00fdv\u00e1 ne\u017e pop\u0159\u00e1t zpravodaji do dal\u0161\u00edch let mnoho nad\u0161en\u00fdch \u010dten\u00e1\u0159\u016f, \u0161ikovn\u00fdch p\u0159isp\u011bvatel\u016f a hlavn\u011b pozitivn\u00edch zpr\u00e1v.<\/p>\n<p>Archiv Chuchelsk\u00e9ho zpravodaje od roku 2006 najdete na webu <a href=\"https:\/\/www.chuchle.cz\/index.php?page=sekce&amp;kategorie=2&amp;level=1&amp;uroven1=12&amp;uroven2=0&amp;modul=&amp;id=54\" target=\"_blank\" rel=\"noopener\">www.chuchle.cz<\/a>.<\/p>\n","protected":false},"excerpt":{"rendered":"<p>V roce 2025 slav\u00ed Chuchelsk\u00fd zpravodaj v\u00fdznamn\u00e9 jubileum. V roce 1995 zastupitelstvo m\u011bstsk\u00e9 \u010d\u00e1sti rozhodlo o vyd\u00e1v\u00e1n\u00ed pravideln\u011b vych\u00e1zej\u00edc\u00edho periodika s informacemi o d\u011bn\u00ed v Mal\u00e9 a Velk\u00e9 Chuchli.<\/p>\n","protected":false},"author":1,"featured_media":0,"comment_status":"open","ping_status":"open","sticky":false,"template":"","format":"standard","meta":{"footnotes":""},"categories":[1],"tags":[],"class_list":["post-1172","post","type-post","status-publish","format-standard","hentry","category-nezarazene"],"_links":{"self":[{"href":"https:\/\/regionplus.cz\/chuchle\/wp-json\/wp\/v2\/posts\/1172","targetHints":{"allow":["GET"]}}],"collection":[{"href":"https:\/\/regionplus.cz\/chuchle\/wp-json\/wp\/v2\/posts"}],"about":[{"href":"https:\/\/regionplus.cz\/chuchle\/wp-json\/wp\/v2\/types\/post"}],"author":[{"embeddable":true,"href":"https:\/\/regionplus.cz\/chuchle\/wp-json\/wp\/v2\/users\/1"}],"replies":[{"embeddable":true,"href":"https:\/\/regionplus.cz\/chuchle\/wp-json\/wp\/v2\/comments?post=1172"}],"version-history":[{"count":1,"href":"https:\/\/regionplus.cz\/chuchle\/wp-json\/wp\/v2\/posts\/1172\/revisions"}],"predecessor-version":[{"id":1173,"href":"https:\/\/regionplus.cz\/chuchle\/wp-json\/wp\/v2\/posts\/1172\/revisions\/1173"}],"wp:attachment":[{"href":"https:\/\/regionplus.cz\/chuchle\/wp-json\/wp\/v2\/media?parent=1172"}],"wp:term":[{"taxonomy":"category","embeddable":true,"href":"https:\/\/regionplus.cz\/chuchle\/wp-json\/wp\/v2\/categories?post=1172"},{"taxonomy":"post_tag","embeddable":true,"href":"https:\/\/regionplus.cz\/chuchle\/wp-json\/wp\/v2\/tags?post=1172"}],"curies":[{"name":"wp","href":"https:\/\/api.w.org\/{rel}","templated":true}]}}