{"id":1117,"date":"2025-05-19T15:23:57","date_gmt":"2025-05-19T13:23:57","guid":{"rendered":"https:\/\/regionplus.cz\/chuchle\/?p=1117"},"modified":"2025-05-26T19:13:28","modified_gmt":"2025-05-26T17:13:28","slug":"80-let-vzpominky-na-kveten-1945","status":"publish","type":"post","link":"https:\/\/regionplus.cz\/chuchle\/2025\/05\/19\/80-let-vzpominky-na-kveten-1945\/","title":{"rendered":"80 let: Vzpom\u00ednky na kv\u011bten 1945"},"content":{"rendered":"<p>P\u0159i p\u0159\u00edle\u017eitosti 80. v\u00fdro\u010d\u00ed od konce II. sv\u011btov\u00e9 v\u00e1lky se v m\u011bstsk\u00e9 \u010d\u00e1sti Praha &#8211; Velk\u00e1 Chuchle uskute\u010dnilo n\u011bkolik akc\u00ed, jejich\u017e po\u0159adateli byly m\u011bstsk\u00e1 \u010d\u00e1st Praha &#8211; Velk\u00e1 Chuchle, Z\u0160 Charlotty Masarykov\u00e9 a Rodinn\u00e9 centrum Chuchle.<\/p>\n<ul>\n<li>24. dubna 2025 \u2013 p\u0159edn\u00e1\u0161ka pro ve\u0159ejnost: Kv\u011bten 1945 ve Velk\u00e9 a Mal\u00e9 Chuchli a okol\u00ed spojen\u00e1 s v\u00fdstavou v K8<\/li>\n<li>28. dubna 2025 \u2013 p\u0159edn\u00e1\u0161ka pro \u017e\u00e1ky 6. \u2013 9. ro\u010dn\u00edku v Z\u0160 Charlotty Masarykov\u00e9 na t\u00e9ma: Konec 2. sv\u011btov\u00e9 v\u00e1lky v Evrop\u011b, Praze a ve Velk\u00e9 Chuchli<\/li>\n<li>29. dubna 2025 \u2013 jazykov\u00fd z\u00e1jezd do Berl\u00edna pro \u017e\u00e1ky 7. \u2013 9. ro\u010dn\u00edku Z\u0160 Charlotty Masarykov\u00e9<\/li>\n<li>5. kv\u011btna 2025 \u2013 pietn\u00ed akt p\u0159ed \u0161kolou ; projektov\u00fd den \u017e\u00e1k\u016f IX.A \u2013 Vzpom\u00ednky na kv\u011bten 1945 (\u00fa\u010dast na pietn\u00edch aktech v Mal\u00e9 a Velk\u00e9 Chuchli, na slavnostn\u00edm odhalen\u00ed pam\u011btn\u00ed desky Jaroslavu Kosovi v Mal\u00e9 Chuchli, setk\u00e1n\u00ed s pam\u011btn\u00edky, spole\u010dn\u00e1 p\u0159ipom\u00ednka u pam\u00e1tn\u00edku v Chuchelsk\u00e9m h\u00e1ji a na h\u0159bitov\u011b, v r\u00e1mci odpoledn\u00edho vyu\u010dov\u00e1n\u00ed zpracov\u00e1n\u00ed v\u00fdstup\u016f z cel\u00e9 akce)<\/li>\n<li>7. kv\u011btna 2025 \u2013 p\u0159edstaven\u00ed v\u00fdstup\u016f \u017e\u00e1k\u016f IX. A Z\u0160 Charlotty Masarykov\u00e9 z projektov\u00e9ho dne a v\u00fdstavky v K8 pro \u017e\u00e1ky II. stupn\u011b v K8.<\/li>\n<\/ul>\n<p><!--more--><\/p>\n<p><span style=\"color: #ff0000;\"><strong>P\u0159edn\u00e1\u0161ka pro ve\u0159ejnost<\/strong><\/span><\/p>\n<p>V\u00edce ne\u017e 40 z\u00e1jemc\u016f se dostavilo na \u00favodn\u00ed p\u0159edn\u00e1\u0161ku po\u0159\u00e1danou Rodinn\u00fdm centrem Chuchle s n\u00e1zvem Kv\u011bten 1945 ve Velk\u00e9 a Mal\u00e9 Chuchli a okol\u00ed, kter\u00e1 se konala 24. dubna 2025 v s\u00e1le K8. Po \u00favodn\u00edm p\u0159iv\u00edt\u00e1n\u00ed starostou m\u011bstsk\u00e9 \u010d\u00e1sti Ing. Janem K\u0159enem se slova ujala histori\u010dka a kur\u00e1torka sb\u00edrek Region\u00e1ln\u00edho muzea v \u010cesk\u00e9m Krumlov\u011b Mgr. V\u011bra Podan\u00e1, kter\u00e1 poslucha\u010de sezn\u00e1mila s okolnostmi vzniku Pra\u017esk\u00e9ho povst\u00e1n\u00ed a postupem bojov\u00e9 skupiny SS Wallenstein sm\u011brem od vojensk\u00e9ho cvi\u010di\u0161t\u011b SS-Truppen\u00fcbungsplatz Beneschau na Prahu. Bohu\u017eel po 45 minut\u00e1ch byla p\u0159eru\u0161ena n\u011bkolika nespokojen\u00fdmi ob\u010dany, kter\u00e9 zaj\u00edmaly ud\u00e1losti v Chuchli. Po kr\u00e1tk\u00e9 p\u0159est\u00e1vce bylo rozhodnuto v akci pokra\u010dovat a kronik\u00e1\u0159 m\u011bstsk\u00e9 \u010d\u00e1sti Praha &#8211; Velk\u00e1 Chuchle Tom\u00e1\u0161 Hrom\u00e1dka p\u0159\u00edtomn\u00fdm p\u0159ibl\u00ed\u017eil ud\u00e1losti kv\u011btna roku 1945 v Mal\u00e9 a Velk\u00e9 Chuchli. P\u0159edn\u00e1\u0161ku doprovodila v\u00fdstavka reprodukc\u00ed dobov\u00fdch historick\u00fdch dokument\u016f z archivu kronik\u00e1\u0159e, kter\u00e1 byla pozd\u011bji p\u0159esunuta do kav\u00e1rny K8.<\/p>\n<p><a href=\"http:\/\/regionplus.cz\/chuchle\/wp-content\/uploads\/sites\/2\/2025\/05\/Obrazek-WhatsApp-2025-04-24-v-21.32.47_047a4184.jpg\"><img loading=\"lazy\" decoding=\"async\" class=\"aligncenter size-full wp-image-1142\" src=\"http:\/\/regionplus.cz\/chuchle\/wp-content\/uploads\/sites\/2\/2025\/05\/Obrazek-WhatsApp-2025-04-24-v-21.32.47_047a4184.jpg\" alt=\"\" width=\"1600\" height=\"1200\" srcset=\"https:\/\/regionplus.cz\/chuchle\/wp-content\/uploads\/sites\/2\/2025\/05\/Obrazek-WhatsApp-2025-04-24-v-21.32.47_047a4184.jpg 1600w, https:\/\/regionplus.cz\/chuchle\/wp-content\/uploads\/sites\/2\/2025\/05\/Obrazek-WhatsApp-2025-04-24-v-21.32.47_047a4184-300x225.jpg 300w, https:\/\/regionplus.cz\/chuchle\/wp-content\/uploads\/sites\/2\/2025\/05\/Obrazek-WhatsApp-2025-04-24-v-21.32.47_047a4184-1024x768.jpg 1024w, https:\/\/regionplus.cz\/chuchle\/wp-content\/uploads\/sites\/2\/2025\/05\/Obrazek-WhatsApp-2025-04-24-v-21.32.47_047a4184-768x576.jpg 768w, https:\/\/regionplus.cz\/chuchle\/wp-content\/uploads\/sites\/2\/2025\/05\/Obrazek-WhatsApp-2025-04-24-v-21.32.47_047a4184-1536x1152.jpg 1536w, https:\/\/regionplus.cz\/chuchle\/wp-content\/uploads\/sites\/2\/2025\/05\/Obrazek-WhatsApp-2025-04-24-v-21.32.47_047a4184-400x300.jpg 400w, https:\/\/regionplus.cz\/chuchle\/wp-content\/uploads\/sites\/2\/2025\/05\/Obrazek-WhatsApp-2025-04-24-v-21.32.47_047a4184-160x120.jpg 160w\" sizes=\"auto, (max-width: 1600px) 100vw, 1600px\" \/><\/a><\/p>\n<p><span style=\"color: #ff0000;\"><b>P\u0159edn\u00e1\u0161ka a jazykov\u00fd z\u00e1jezd do Berl\u00edna\u00a0<\/b><\/span><\/p>\n<p>Z\u00e1kladn\u00ed \u0161kola Charlotty Masarykov\u00e9 uspo\u0159\u00e1dala pro sv\u00e9 \u017e\u00e1ky druh\u00e9ho stupn\u011b v pond\u011bl\u00ed 28. dubna 2025 p\u0159edn\u00e1\u0161ky na t\u00e9ma Konec 2. sv\u011btov\u00e9 v\u00e1lky v Evrop\u011b, Praze a ve Velk\u00e9 Chuchli. V hodinov\u00fdch intervalech se ve \u0161koln\u00ed j\u00eddeln\u011b vyst\u0159\u00eddali \u017e\u00e1ci 6. &#8211; 9. ro\u010dn\u00edku, kde je chuchelsk\u00fd kronik\u00e1\u0159 a u\u010ditel Mgr. Tom\u00e1\u0161 Hrom\u00e1dka sezn\u00e1mil s obdob\u00edm druh\u00e9 sv\u011btov\u00e9 v\u00e1lky, osvobozen\u00edm od nacismu, dobyt\u00edm Berl\u00edna a okolnostmi Pra\u017esk\u00e9ho povst\u00e1n\u00ed a ud\u00e1lost\u00ed v Chuchli v roce 1945.\u00a0 N\u00e1sleduj\u00edc\u00ed den vybran\u00ed \u017e\u00e1ci 7. &#8211; 9. ro\u010dn\u00edku absolvovali jazykov\u00fd z\u00e1jezd do Berl\u00edna spojen\u00fd s n\u00e1v\u0161t\u011bvou v\u00fdznamn\u00fdch m\u00edst p\u0159ipom\u00ednaj\u00edc\u00edch nejen druhou sv\u011btovou v\u00e1lku, ale i pozd\u011bj\u0161\u00ed obdob\u00ed, kdy m\u011bsto sv\u00edrala Berl\u00ednsk\u00e1 ze\u010f.<\/p>\n<p><a href=\"http:\/\/regionplus.cz\/chuchle\/wp-content\/uploads\/sites\/2\/2025\/05\/jazykovy_zajezd_do_berlina_29_4_2025.jpg\"><img loading=\"lazy\" decoding=\"async\" class=\"aligncenter size-full wp-image-1141\" src=\"http:\/\/regionplus.cz\/chuchle\/wp-content\/uploads\/sites\/2\/2025\/05\/jazykovy_zajezd_do_berlina_29_4_2025.jpg\" alt=\"\" width=\"679\" height=\"460\" srcset=\"https:\/\/regionplus.cz\/chuchle\/wp-content\/uploads\/sites\/2\/2025\/05\/jazykovy_zajezd_do_berlina_29_4_2025.jpg 679w, https:\/\/regionplus.cz\/chuchle\/wp-content\/uploads\/sites\/2\/2025\/05\/jazykovy_zajezd_do_berlina_29_4_2025-300x203.jpg 300w, https:\/\/regionplus.cz\/chuchle\/wp-content\/uploads\/sites\/2\/2025\/05\/jazykovy_zajezd_do_berlina_29_4_2025-443x300.jpg 443w, https:\/\/regionplus.cz\/chuchle\/wp-content\/uploads\/sites\/2\/2025\/05\/jazykovy_zajezd_do_berlina_29_4_2025-120x80.jpg 120w\" sizes=\"auto, (max-width: 679px) 100vw, 679px\" \/><\/a><\/p>\n<p><span style=\"color: #ff0000;\"><strong>Pietn\u00ed akty a odhalen\u00ed pam\u011btn\u00ed desky Jaroslavu Kosovi<\/strong><\/span><\/p>\n<p><strong>Vzpom\u00ednky na kv\u011bten 1945 vyvrcholily ve dnech 5. \u2013 7. kv\u011btna 2025.<\/strong> Symbolicky v den v\u00fdro\u010d\u00ed Kv\u011btnov\u00e9ho povst\u00e1n\u00ed \u010desk\u00e9ho lidu se v Mal\u00e9 a Velk\u00e9 Chuchli uskute\u010dnilo n\u011bkolik pietn\u00edch akt\u016f, kter\u00e9 \u017e\u00e1ci IX. A pe\u010dliv\u011b zdokumentovali. Hned r\u00e1no prob\u011bhlo \u00favodn\u00ed slavnostn\u00ed setk\u00e1n\u00ed na n\u00e1dvo\u0159\u00ed p\u0159ed \u0161kolou, kde u pam\u011btn\u00edch desek padl\u00fdch v prvn\u00ed sv\u011btov\u00e9 v\u00e1lce Tom\u00e1\u0161 Hrom\u00e1dka p\u0159ipomenul \u017e\u00e1k\u016fm 7. \u2013 9. ro\u010dn\u00edku propojen\u00ed prvn\u00edho a druh\u00e9ho odboje, vystoupil zde s kr\u00e1tk\u00fdm projevem tak\u00e9 sen\u00e1tor Pavel Fischer a zazn\u011bla st\u00e1tn\u00ed hymna. Pietn\u00edho aktu se z\u00fa\u010dastnili tak\u00e9 starosta m\u011bstsk\u00e9 \u010d\u00e1sti Praha \u2013 Velk\u00e1 Chuchle Ing. Jan K\u0159en, \u0159editelka \u0161koly Ing. Dominika Ondr\u00e1\u0161kov\u00e1 a p\u0159\u00edtomen byl i z\u00e1stupce \u010ceskoslovensk\u00e9 obce legion\u00e1\u0159sk\u00e9 pan Kratochv\u00edl.<\/p>\n<p><a href=\"http:\/\/regionplus.cz\/chuchle\/wp-content\/uploads\/sites\/2\/2025\/05\/vzpominky_kveten_1945_117.jpg\"><img loading=\"lazy\" decoding=\"async\" class=\"aligncenter size-full wp-image-1133\" src=\"http:\/\/regionplus.cz\/chuchle\/wp-content\/uploads\/sites\/2\/2025\/05\/vzpominky_kveten_1945_117.jpg\" alt=\"\" width=\"1000\" height=\"1500\" srcset=\"https:\/\/regionplus.cz\/chuchle\/wp-content\/uploads\/sites\/2\/2025\/05\/vzpominky_kveten_1945_117.jpg 1000w, https:\/\/regionplus.cz\/chuchle\/wp-content\/uploads\/sites\/2\/2025\/05\/vzpominky_kveten_1945_117-200x300.jpg 200w, https:\/\/regionplus.cz\/chuchle\/wp-content\/uploads\/sites\/2\/2025\/05\/vzpominky_kveten_1945_117-683x1024.jpg 683w, https:\/\/regionplus.cz\/chuchle\/wp-content\/uploads\/sites\/2\/2025\/05\/vzpominky_kveten_1945_117-768x1152.jpg 768w\" sizes=\"auto, (max-width: 1000px) 100vw, 1000px\" \/><\/a><\/p>\n<div id=\"attachment_1134\" style=\"width: 1010px\" class=\"wp-caption aligncenter\"><a href=\"http:\/\/regionplus.cz\/chuchle\/wp-content\/uploads\/sites\/2\/2025\/05\/vzpominky_kveten_1945_118.jpg\"><img loading=\"lazy\" decoding=\"async\" aria-describedby=\"caption-attachment-1134\" class=\"size-full wp-image-1134\" src=\"http:\/\/regionplus.cz\/chuchle\/wp-content\/uploads\/sites\/2\/2025\/05\/vzpominky_kveten_1945_118.jpg\" alt=\"\" width=\"1000\" height=\"667\" srcset=\"https:\/\/regionplus.cz\/chuchle\/wp-content\/uploads\/sites\/2\/2025\/05\/vzpominky_kveten_1945_118.jpg 1000w, https:\/\/regionplus.cz\/chuchle\/wp-content\/uploads\/sites\/2\/2025\/05\/vzpominky_kveten_1945_118-300x200.jpg 300w, https:\/\/regionplus.cz\/chuchle\/wp-content\/uploads\/sites\/2\/2025\/05\/vzpominky_kveten_1945_118-768x512.jpg 768w, https:\/\/regionplus.cz\/chuchle\/wp-content\/uploads\/sites\/2\/2025\/05\/vzpominky_kveten_1945_118-450x300.jpg 450w, https:\/\/regionplus.cz\/chuchle\/wp-content\/uploads\/sites\/2\/2025\/05\/vzpominky_kveten_1945_118-120x80.jpg 120w\" sizes=\"auto, (max-width: 1000px) 100vw, 1000px\" \/><\/a><p id=\"caption-attachment-1134\" class=\"wp-caption-text\">Sen\u00e1tor Pavel Fischer diskutuje s \u017e\u00e1ky Z\u0160 Charlotty Masarykov\u00e9 (5. 5. 2025)<\/p><\/div>\n<p>N\u00e1sledn\u011b \u017e\u00e1ci IX. ro\u010dn\u00edku spole\u010dn\u011b s panem starostou, sen\u00e1torem a n\u011bkolika dal\u0161\u00edmi ob\u010dany minutou ticha uctili v\u0161echny ob\u011bti sv\u011btov\u00fdch v\u00e1lek u pam\u00e1tn\u00edku na n\u00e1m\u011bst\u00ed chuchelsk\u00fdch bojovn\u00edk\u016f.<\/p>\n<p><a href=\"http:\/\/regionplus.cz\/chuchle\/wp-content\/uploads\/sites\/2\/2025\/05\/5-5-2025-5.jpg\"><img loading=\"lazy\" decoding=\"async\" class=\"aligncenter size-full wp-image-1132\" src=\"http:\/\/regionplus.cz\/chuchle\/wp-content\/uploads\/sites\/2\/2025\/05\/5-5-2025-5.jpg\" alt=\"\" width=\"533\" height=\"800\" srcset=\"https:\/\/regionplus.cz\/chuchle\/wp-content\/uploads\/sites\/2\/2025\/05\/5-5-2025-5.jpg 533w, https:\/\/regionplus.cz\/chuchle\/wp-content\/uploads\/sites\/2\/2025\/05\/5-5-2025-5-200x300.jpg 200w\" sizes=\"auto, (max-width: 533px) 100vw, 533px\" \/><\/a><\/p>\n<p>Dal\u0161\u00ed pietn\u00ed akty se uskute\u010dnily v Mal\u00e9 Chuchli \u2013 u pam\u011btn\u00ed desky V\u00e1clava Dudka (Zbraslavsk\u00e1 ulice) a u kostela Narozen\u00ed Panny Marie.<\/p>\n<p><a href=\"http:\/\/regionplus.cz\/chuchle\/wp-content\/uploads\/sites\/2\/2025\/05\/5-5-2025-4.jpg\"><img loading=\"lazy\" decoding=\"async\" class=\"aligncenter size-full wp-image-1130\" src=\"http:\/\/regionplus.cz\/chuchle\/wp-content\/uploads\/sites\/2\/2025\/05\/5-5-2025-4.jpg\" alt=\"\" width=\"800\" height=\"533\" srcset=\"https:\/\/regionplus.cz\/chuchle\/wp-content\/uploads\/sites\/2\/2025\/05\/5-5-2025-4.jpg 800w, https:\/\/regionplus.cz\/chuchle\/wp-content\/uploads\/sites\/2\/2025\/05\/5-5-2025-4-300x200.jpg 300w, https:\/\/regionplus.cz\/chuchle\/wp-content\/uploads\/sites\/2\/2025\/05\/5-5-2025-4-768x512.jpg 768w, https:\/\/regionplus.cz\/chuchle\/wp-content\/uploads\/sites\/2\/2025\/05\/5-5-2025-4-450x300.jpg 450w, https:\/\/regionplus.cz\/chuchle\/wp-content\/uploads\/sites\/2\/2025\/05\/5-5-2025-4-120x80.jpg 120w\" sizes=\"auto, (max-width: 800px) 100vw, 800px\" \/><\/a><\/p>\n<p><a href=\"http:\/\/regionplus.cz\/chuchle\/wp-content\/uploads\/sites\/2\/2025\/05\/vzpominky_kveten_1945_119.jpg\"><img loading=\"lazy\" decoding=\"async\" class=\"aligncenter size-full wp-image-1131\" src=\"http:\/\/regionplus.cz\/chuchle\/wp-content\/uploads\/sites\/2\/2025\/05\/vzpominky_kveten_1945_119.jpg\" alt=\"\" width=\"1000\" height=\"667\" srcset=\"https:\/\/regionplus.cz\/chuchle\/wp-content\/uploads\/sites\/2\/2025\/05\/vzpominky_kveten_1945_119.jpg 1000w, https:\/\/regionplus.cz\/chuchle\/wp-content\/uploads\/sites\/2\/2025\/05\/vzpominky_kveten_1945_119-300x200.jpg 300w, https:\/\/regionplus.cz\/chuchle\/wp-content\/uploads\/sites\/2\/2025\/05\/vzpominky_kveten_1945_119-768x512.jpg 768w, https:\/\/regionplus.cz\/chuchle\/wp-content\/uploads\/sites\/2\/2025\/05\/vzpominky_kveten_1945_119-450x300.jpg 450w, https:\/\/regionplus.cz\/chuchle\/wp-content\/uploads\/sites\/2\/2025\/05\/vzpominky_kveten_1945_119-120x80.jpg 120w\" sizes=\"auto, (max-width: 1000px) 100vw, 1000px\" \/><\/a><\/p>\n<p>V\u00fdznamn\u00e9 bylo i odhalen\u00ed pam\u011btn\u00ed desky Jaroslava Kose na budov\u011b Institutu vzd\u011bl\u00e1v\u00e1n\u00ed a poradenstv\u00ed \u010cesk\u00e9 zem\u011bd\u011blsk\u00e9 univerzity (pam\u011btn\u00ed deska byla v roce 1981 p\u0159i rekonstrukci budovy odstran\u011bna, jej\u00ed kopie se tak vr\u00e1tila na sv\u00e9 m\u00edsto po 44 letech) starostou m\u011bstsk\u00e9 \u010d\u00e1sti Praha \u2013 Velk\u00e1 Chuchle Janem K\u0159enem a prorektorem \u010cesk\u00e9 zem\u011bd\u011blsk\u00e9 univerzity prof. Ing. Petrem Val\u00e1\u0161kem, Ph.D. Vedle \u017e\u00e1k\u016f a doprovodu tomuto slavnostn\u00edmu okam\u017eiku p\u0159ihl\u00ed\u017eeli tak\u00e9 ob\u010dan\u00e9 Mal\u00e9 Chuchle, z nich\u017e mnoz\u00ed byli jako d\u011bti p\u0159\u00edm\u00ed \u00fa\u010dastn\u00edci kv\u011btnov\u00fdch ud\u00e1lost\u00ed roku 1945.<\/p>\n<div id=\"attachment_1129\" style=\"width: 1010px\" class=\"wp-caption aligncenter\"><a href=\"http:\/\/regionplus.cz\/chuchle\/wp-content\/uploads\/sites\/2\/2025\/05\/vzpominky_kveten_1945_120.jpg\"><img loading=\"lazy\" decoding=\"async\" aria-describedby=\"caption-attachment-1129\" class=\"size-full wp-image-1129\" src=\"http:\/\/regionplus.cz\/chuchle\/wp-content\/uploads\/sites\/2\/2025\/05\/vzpominky_kveten_1945_120.jpg\" alt=\"\" width=\"1000\" height=\"667\" srcset=\"https:\/\/regionplus.cz\/chuchle\/wp-content\/uploads\/sites\/2\/2025\/05\/vzpominky_kveten_1945_120.jpg 1000w, https:\/\/regionplus.cz\/chuchle\/wp-content\/uploads\/sites\/2\/2025\/05\/vzpominky_kveten_1945_120-300x200.jpg 300w, https:\/\/regionplus.cz\/chuchle\/wp-content\/uploads\/sites\/2\/2025\/05\/vzpominky_kveten_1945_120-768x512.jpg 768w, https:\/\/regionplus.cz\/chuchle\/wp-content\/uploads\/sites\/2\/2025\/05\/vzpominky_kveten_1945_120-450x300.jpg 450w, https:\/\/regionplus.cz\/chuchle\/wp-content\/uploads\/sites\/2\/2025\/05\/vzpominky_kveten_1945_120-120x80.jpg 120w\" sizes=\"auto, (max-width: 1000px) 100vw, 1000px\" \/><\/a><p id=\"caption-attachment-1129\" class=\"wp-caption-text\">Odhalen\u00ed pam\u011btn\u00ed desky Jaroslavu Kosovi (5. 5. 2025)<\/p><\/div>\n<p>Cesta dev\u00e1\u0165\u00e1k\u016f pak pokra\u010dovala do Chuchelsk\u00e9ho h\u00e1je, kde prob\u011bhl pietn\u00ed akt u pam\u00e1tn\u00edku padl\u00fdch.<\/p>\n<div id=\"attachment_1128\" style=\"width: 810px\" class=\"wp-caption aligncenter\"><a href=\"http:\/\/regionplus.cz\/chuchle\/wp-content\/uploads\/sites\/2\/2025\/05\/5-5-2025-2.jpg\"><img loading=\"lazy\" decoding=\"async\" aria-describedby=\"caption-attachment-1128\" class=\"size-full wp-image-1128\" src=\"http:\/\/regionplus.cz\/chuchle\/wp-content\/uploads\/sites\/2\/2025\/05\/5-5-2025-2.jpg\" alt=\"\" width=\"800\" height=\"533\" srcset=\"https:\/\/regionplus.cz\/chuchle\/wp-content\/uploads\/sites\/2\/2025\/05\/5-5-2025-2.jpg 800w, https:\/\/regionplus.cz\/chuchle\/wp-content\/uploads\/sites\/2\/2025\/05\/5-5-2025-2-300x200.jpg 300w, https:\/\/regionplus.cz\/chuchle\/wp-content\/uploads\/sites\/2\/2025\/05\/5-5-2025-2-768x512.jpg 768w, https:\/\/regionplus.cz\/chuchle\/wp-content\/uploads\/sites\/2\/2025\/05\/5-5-2025-2-450x300.jpg 450w, https:\/\/regionplus.cz\/chuchle\/wp-content\/uploads\/sites\/2\/2025\/05\/5-5-2025-2-120x80.jpg 120w\" sizes=\"auto, (max-width: 800px) 100vw, 800px\" \/><\/a><p id=\"caption-attachment-1128\" class=\"wp-caption-text\">Pietn\u00ed akt u pam\u00e1tn\u00edku padl\u00fdch v kv\u011btnu 1945 v Chuchelsk\u00e9m h\u00e1ji (5. 5. 2025). Zleva: Jan K\u0159en, Tom\u00e1\u0161 Hrom\u00e1dka<\/p><\/div>\n<p>Na z\u00e1v\u011br pak spole\u010dn\u011b pro\u0161li chuchelsk\u00fd h\u0159bitov a rozsv\u00edcenou sv\u00ed\u010dkou a kv\u011btinou uctili pam\u00e1tku t\u011bch, kte\u0159\u00ed nejsou poh\u0159beni ve spole\u010dn\u00e9m hrob\u011b.<\/p>\n<p><a href=\"http:\/\/regionplus.cz\/chuchle\/wp-content\/uploads\/sites\/2\/2025\/05\/vzpominky_kveten_1945_116.jpg\"><img loading=\"lazy\" decoding=\"async\" class=\"aligncenter size-full wp-image-1135\" src=\"http:\/\/regionplus.cz\/chuchle\/wp-content\/uploads\/sites\/2\/2025\/05\/vzpominky_kveten_1945_116.jpg\" alt=\"\" width=\"1000\" height=\"667\" srcset=\"https:\/\/regionplus.cz\/chuchle\/wp-content\/uploads\/sites\/2\/2025\/05\/vzpominky_kveten_1945_116.jpg 1000w, https:\/\/regionplus.cz\/chuchle\/wp-content\/uploads\/sites\/2\/2025\/05\/vzpominky_kveten_1945_116-300x200.jpg 300w, https:\/\/regionplus.cz\/chuchle\/wp-content\/uploads\/sites\/2\/2025\/05\/vzpominky_kveten_1945_116-768x512.jpg 768w, https:\/\/regionplus.cz\/chuchle\/wp-content\/uploads\/sites\/2\/2025\/05\/vzpominky_kveten_1945_116-450x300.jpg 450w, https:\/\/regionplus.cz\/chuchle\/wp-content\/uploads\/sites\/2\/2025\/05\/vzpominky_kveten_1945_116-120x80.jpg 120w\" sizes=\"auto, (max-width: 1000px) 100vw, 1000px\" \/><\/a><\/p>\n<p>Posledn\u00ed sv\u00edci a kv\u011btinu um\u00edstili symbolicky na hrob\u011b mjr. Josefa Seraf\u00edna, bojovn\u00edka od Dunkerque (1944 \u2013 1945), kter\u00fd inicioval po sametov\u00e9 revoluci \u00fazkou spolupr\u00e1ci \u0161koly a m\u011bstsk\u00e9 \u010d\u00e1sti na pietn\u00edch aktech. Z\u00e1stupci rodiny pak p\u0159\u00edtomn\u00fdm p\u0159ipomenuli \u017eivotn\u00ed osudy i historky ze \u017eivota t\u00e9to v\u00fdznamn\u00e9 chuchelsk\u00e9 osobnosti.<\/p>\n<div id=\"attachment_1127\" style=\"width: 810px\" class=\"wp-caption aligncenter\"><a href=\"http:\/\/regionplus.cz\/chuchle\/wp-content\/uploads\/sites\/2\/2025\/05\/5-5-2025-1.jpg\"><img loading=\"lazy\" decoding=\"async\" aria-describedby=\"caption-attachment-1127\" class=\"size-full wp-image-1127\" src=\"http:\/\/regionplus.cz\/chuchle\/wp-content\/uploads\/sites\/2\/2025\/05\/5-5-2025-1.jpg\" alt=\"\" width=\"800\" height=\"533\" srcset=\"https:\/\/regionplus.cz\/chuchle\/wp-content\/uploads\/sites\/2\/2025\/05\/5-5-2025-1.jpg 800w, https:\/\/regionplus.cz\/chuchle\/wp-content\/uploads\/sites\/2\/2025\/05\/5-5-2025-1-300x200.jpg 300w, https:\/\/regionplus.cz\/chuchle\/wp-content\/uploads\/sites\/2\/2025\/05\/5-5-2025-1-768x512.jpg 768w, https:\/\/regionplus.cz\/chuchle\/wp-content\/uploads\/sites\/2\/2025\/05\/5-5-2025-1-450x300.jpg 450w, https:\/\/regionplus.cz\/chuchle\/wp-content\/uploads\/sites\/2\/2025\/05\/5-5-2025-1-120x80.jpg 120w\" sizes=\"auto, (max-width: 800px) 100vw, 800px\" \/><\/a><p id=\"caption-attachment-1127\" class=\"wp-caption-text\">Pieta u hrobu Josefa Seraf\u00edna (5. 5. 2025). Zleva: Tom\u00e1\u0161 Hrom\u00e1dka, Marta Svobodov\u00e1 &#8211; Seraf\u00ednov\u00e1, Josef Seraf\u00edn ml., Jan K\u0159en<\/p><\/div>\n<p>Odpoledne pak \u017e\u00e1ci zpracov\u00e1vali v\u00fdstupy z cel\u00e9ho projektu. \u010c\u00e1st \u017e\u00e1k\u016f vyu\u017eila po\u010d\u00edta\u010dovou u\u010debnu ke zpracov\u00e1n\u00ed videa, jin\u00ed ve t\u0159\u00edd\u011b t\u0159\u00eddili fotografie, vytv\u00e1\u0159eli postery a t\u0159et\u00ed skupina obsadila anima\u010dn\u00ed studio, kde p\u0159ipravili dva filmy na t\u00e9ma posledn\u00edch chvil V\u00e1clava Dudka a Jaroslava Kosa. Svoji pr\u00e1ci dokon\u010dili v \u00fater\u00fd.<\/p>\n<p><a href=\"http:\/\/regionplus.cz\/chuchle\/wp-content\/uploads\/sites\/2\/2025\/05\/vzpominky_kveten_1945_113.jpg\"><img loading=\"lazy\" decoding=\"async\" class=\"aligncenter size-full wp-image-1137\" src=\"http:\/\/regionplus.cz\/chuchle\/wp-content\/uploads\/sites\/2\/2025\/05\/vzpominky_kveten_1945_113.jpg\" alt=\"\" width=\"1000\" height=\"1041\" srcset=\"https:\/\/regionplus.cz\/chuchle\/wp-content\/uploads\/sites\/2\/2025\/05\/vzpominky_kveten_1945_113.jpg 1000w, https:\/\/regionplus.cz\/chuchle\/wp-content\/uploads\/sites\/2\/2025\/05\/vzpominky_kveten_1945_113-288x300.jpg 288w, https:\/\/regionplus.cz\/chuchle\/wp-content\/uploads\/sites\/2\/2025\/05\/vzpominky_kveten_1945_113-984x1024.jpg 984w, https:\/\/regionplus.cz\/chuchle\/wp-content\/uploads\/sites\/2\/2025\/05\/vzpominky_kveten_1945_113-768x799.jpg 768w\" sizes=\"auto, (max-width: 1000px) 100vw, 1000px\" \/><\/a><\/p>\n<p><a href=\"http:\/\/regionplus.cz\/chuchle\/wp-content\/uploads\/sites\/2\/2025\/05\/vzpominky_kveten_1945_110.jpg\"><img loading=\"lazy\" decoding=\"async\" class=\"aligncenter size-full wp-image-1138\" src=\"http:\/\/regionplus.cz\/chuchle\/wp-content\/uploads\/sites\/2\/2025\/05\/vzpominky_kveten_1945_110.jpg\" alt=\"\" width=\"1000\" height=\"562\" srcset=\"https:\/\/regionplus.cz\/chuchle\/wp-content\/uploads\/sites\/2\/2025\/05\/vzpominky_kveten_1945_110.jpg 1000w, https:\/\/regionplus.cz\/chuchle\/wp-content\/uploads\/sites\/2\/2025\/05\/vzpominky_kveten_1945_110-300x169.jpg 300w, https:\/\/regionplus.cz\/chuchle\/wp-content\/uploads\/sites\/2\/2025\/05\/vzpominky_kveten_1945_110-768x432.jpg 768w, https:\/\/regionplus.cz\/chuchle\/wp-content\/uploads\/sites\/2\/2025\/05\/vzpominky_kveten_1945_110-500x281.jpg 500w\" sizes=\"auto, (max-width: 1000px) 100vw, 1000px\" \/><\/a><\/p>\n<p>Ve st\u0159edu 7. kv\u011btna 2025 pak v s\u00e1le K8 v\u00fdsledky sv\u00e9 pr\u00e1ce z\u00e1stupci jednotliv\u00fdch t\u00fdm\u016f p\u0159edstavili \u017e\u00e1k\u016fm 6. \u2013 9. ro\u010dn\u00edku. \u017d\u00e1ci sou\u010dasn\u011b m\u011bli mo\u017enost si prohl\u00e9dnout i v\u00fdstavku v\u011bnovanou t\u00e9matu (po ukon\u010den\u00ed akce byla p\u0159esunuta do kav\u00e1rny K8, kde byla k vid\u011bn\u00ed v n\u00e1sleduj\u00edc\u00edch dnech. Z\u00e1v\u011bre\u010dn\u00e1 prezentace \u017e\u00e1k\u016f m\u011bla profesion\u00e1ln\u00ed charakter a \u017e\u00e1ci si zaslou\u017eili velkou pochvalu za jej\u00ed p\u0159\u00edpravu a realizaci.<\/p>\n<p><a href=\"http:\/\/regionplus.cz\/chuchle\/wp-content\/uploads\/sites\/2\/2025\/05\/Obrazek-WhatsApp-2025-05-07-v-22.22.36_737be70f.jpg\"><img loading=\"lazy\" decoding=\"async\" class=\"aligncenter size-full wp-image-1139\" src=\"http:\/\/regionplus.cz\/chuchle\/wp-content\/uploads\/sites\/2\/2025\/05\/Obrazek-WhatsApp-2025-05-07-v-22.22.36_737be70f.jpg\" alt=\"\" width=\"1600\" height=\"1200\" srcset=\"https:\/\/regionplus.cz\/chuchle\/wp-content\/uploads\/sites\/2\/2025\/05\/Obrazek-WhatsApp-2025-05-07-v-22.22.36_737be70f.jpg 1600w, https:\/\/regionplus.cz\/chuchle\/wp-content\/uploads\/sites\/2\/2025\/05\/Obrazek-WhatsApp-2025-05-07-v-22.22.36_737be70f-300x225.jpg 300w, https:\/\/regionplus.cz\/chuchle\/wp-content\/uploads\/sites\/2\/2025\/05\/Obrazek-WhatsApp-2025-05-07-v-22.22.36_737be70f-1024x768.jpg 1024w, https:\/\/regionplus.cz\/chuchle\/wp-content\/uploads\/sites\/2\/2025\/05\/Obrazek-WhatsApp-2025-05-07-v-22.22.36_737be70f-768x576.jpg 768w, https:\/\/regionplus.cz\/chuchle\/wp-content\/uploads\/sites\/2\/2025\/05\/Obrazek-WhatsApp-2025-05-07-v-22.22.36_737be70f-1536x1152.jpg 1536w, https:\/\/regionplus.cz\/chuchle\/wp-content\/uploads\/sites\/2\/2025\/05\/Obrazek-WhatsApp-2025-05-07-v-22.22.36_737be70f-400x300.jpg 400w, https:\/\/regionplus.cz\/chuchle\/wp-content\/uploads\/sites\/2\/2025\/05\/Obrazek-WhatsApp-2025-05-07-v-22.22.36_737be70f-160x120.jpg 160w\" sizes=\"auto, (max-width: 1600px) 100vw, 1600px\" \/><\/a> <a href=\"http:\/\/regionplus.cz\/chuchle\/wp-content\/uploads\/sites\/2\/2025\/05\/Obrazek-WhatsApp-2025-05-07-v-22.22.36_ffdaed74.jpg\"><img loading=\"lazy\" decoding=\"async\" class=\"aligncenter size-full wp-image-1140\" src=\"http:\/\/regionplus.cz\/chuchle\/wp-content\/uploads\/sites\/2\/2025\/05\/Obrazek-WhatsApp-2025-05-07-v-22.22.36_ffdaed74.jpg\" alt=\"\" width=\"1600\" height=\"1200\" srcset=\"https:\/\/regionplus.cz\/chuchle\/wp-content\/uploads\/sites\/2\/2025\/05\/Obrazek-WhatsApp-2025-05-07-v-22.22.36_ffdaed74.jpg 1600w, https:\/\/regionplus.cz\/chuchle\/wp-content\/uploads\/sites\/2\/2025\/05\/Obrazek-WhatsApp-2025-05-07-v-22.22.36_ffdaed74-300x225.jpg 300w, https:\/\/regionplus.cz\/chuchle\/wp-content\/uploads\/sites\/2\/2025\/05\/Obrazek-WhatsApp-2025-05-07-v-22.22.36_ffdaed74-1024x768.jpg 1024w, https:\/\/regionplus.cz\/chuchle\/wp-content\/uploads\/sites\/2\/2025\/05\/Obrazek-WhatsApp-2025-05-07-v-22.22.36_ffdaed74-768x576.jpg 768w, https:\/\/regionplus.cz\/chuchle\/wp-content\/uploads\/sites\/2\/2025\/05\/Obrazek-WhatsApp-2025-05-07-v-22.22.36_ffdaed74-1536x1152.jpg 1536w, https:\/\/regionplus.cz\/chuchle\/wp-content\/uploads\/sites\/2\/2025\/05\/Obrazek-WhatsApp-2025-05-07-v-22.22.36_ffdaed74-400x300.jpg 400w, https:\/\/regionplus.cz\/chuchle\/wp-content\/uploads\/sites\/2\/2025\/05\/Obrazek-WhatsApp-2025-05-07-v-22.22.36_ffdaed74-160x120.jpg 160w\" sizes=\"auto, (max-width: 1600px) 100vw, 1600px\" \/><\/a><\/p>\n<p>Video &#8211; kombinuje fotografie ze v\u0161ech akc\u00ed<\/p>\n<div style=\"width: 480px;\" class=\"wp-video\"><video class=\"wp-video-shortcode\" id=\"video-1117-1\" width=\"480\" height=\"848\" preload=\"metadata\" controls=\"controls\"><source type=\"video\/mp4\" src=\"https:\/\/zschuchle.cz\/wp-content\/uploads\/2025\/05\/23272b25-22c5-4d1b-b83c-127ee041d436.mp4?_=1\" \/><a href=\"https:\/\/zschuchle.cz\/wp-content\/uploads\/2025\/05\/23272b25-22c5-4d1b-b83c-127ee041d436.mp4\">https:\/\/zschuchle.cz\/wp-content\/uploads\/2025\/05\/23272b25-22c5-4d1b-b83c-127ee041d436.mp4<\/a><\/video><\/div>\n<p>&nbsp;<\/p>\n<p>Video &#8211; posledn\u00ed chv\u00edle V\u00e1clava Dudka (\u010detnick\u00e9ho str\u00e1\u017emistra p\u0159istihli p\u0159\u00edslu\u0161n\u00edci SS se zbran\u00ed v ruce, hodili na n\u011bj gran\u00e1t) &#8211; animace z plastel\u00edny<\/p>\n<p><iframe loading=\"lazy\" title=\"YouTube video player\" src=\"https:\/\/www.youtube.com\/embed\/HRcp_i7khcs?si=khsCF4XrllSQP_2h\" width=\"560\" height=\"315\" frameborder=\"0\" allowfullscreen=\"allowfullscreen\"><\/iframe><br \/>\nVideo &#8211; posledn\u00ed chv\u00edle Jaroslava Kose (majitel restaurace ut\u00edkal p\u0159ed p\u0159\u00edslu\u0161n\u00edky SS do lesa, ti ho zast\u0159elili) &#8211; animace z lega<\/p>\n<p><iframe loading=\"lazy\" title=\"YouTube video player\" src=\"https:\/\/www.youtube.com\/embed\/qUAltU7GhCY?si=AWZQUwJpnDBPgo48\" width=\"560\" height=\"315\" frameborder=\"0\" allowfullscreen=\"allowfullscreen\"><\/iframe><\/p>\n","protected":false},"excerpt":{"rendered":"<p>P\u0159i p\u0159\u00edle\u017eitosti 80. v\u00fdro\u010d\u00ed od konce II. sv\u011btov\u00e9 v\u00e1lky se v m\u011bstsk\u00e9 \u010d\u00e1sti Praha &#8211; Velk\u00e1 Chuchle uskute\u010dnilo n\u011bkolik akc\u00ed, jejich\u017e po\u0159adateli byly m\u011bstsk\u00e1 \u010d\u00e1st Praha &#8211; Velk\u00e1 Chuchle, Z\u0160 Charlotty Masarykov\u00e9 a Rodinn\u00e9 centrum Chuchle. 24. dubna 2025 \u2013 &hellip; <a href=\"https:\/\/regionplus.cz\/chuchle\/2025\/05\/19\/80-let-vzpominky-na-kveten-1945\/\">Cel\u00fd p\u0159\u00edsp\u011bvek <span class=\"meta-nav\">&rarr;<\/span><\/a><\/p>\n","protected":false},"author":1,"featured_media":0,"comment_status":"open","ping_status":"open","sticky":false,"template":"","format":"standard","meta":{"footnotes":""},"categories":[1],"tags":[],"class_list":["post-1117","post","type-post","status-publish","format-standard","hentry","category-nezarazene"],"_links":{"self":[{"href":"https:\/\/regionplus.cz\/chuchle\/wp-json\/wp\/v2\/posts\/1117","targetHints":{"allow":["GET"]}}],"collection":[{"href":"https:\/\/regionplus.cz\/chuchle\/wp-json\/wp\/v2\/posts"}],"about":[{"href":"https:\/\/regionplus.cz\/chuchle\/wp-json\/wp\/v2\/types\/post"}],"author":[{"embeddable":true,"href":"https:\/\/regionplus.cz\/chuchle\/wp-json\/wp\/v2\/users\/1"}],"replies":[{"embeddable":true,"href":"https:\/\/regionplus.cz\/chuchle\/wp-json\/wp\/v2\/comments?post=1117"}],"version-history":[{"count":6,"href":"https:\/\/regionplus.cz\/chuchle\/wp-json\/wp\/v2\/posts\/1117\/revisions"}],"predecessor-version":[{"id":1174,"href":"https:\/\/regionplus.cz\/chuchle\/wp-json\/wp\/v2\/posts\/1117\/revisions\/1174"}],"wp:attachment":[{"href":"https:\/\/regionplus.cz\/chuchle\/wp-json\/wp\/v2\/media?parent=1117"}],"wp:term":[{"taxonomy":"category","embeddable":true,"href":"https:\/\/regionplus.cz\/chuchle\/wp-json\/wp\/v2\/categories?post=1117"},{"taxonomy":"post_tag","embeddable":true,"href":"https:\/\/regionplus.cz\/chuchle\/wp-json\/wp\/v2\/tags?post=1117"}],"curies":[{"name":"wp","href":"https:\/\/api.w.org\/{rel}","templated":true}]}}