{"id":1113,"date":"2025-04-16T15:12:34","date_gmt":"2025-04-16T13:12:34","guid":{"rendered":"https:\/\/regionplus.cz\/chuchle\/?p=1113"},"modified":"2025-05-19T15:14:07","modified_gmt":"2025-05-19T13:14:07","slug":"pozvanky-na-akce-k-80-vyroci-konce-ii-svetove-valky","status":"publish","type":"post","link":"https:\/\/regionplus.cz\/chuchle\/2025\/04\/16\/pozvanky-na-akce-k-80-vyroci-konce-ii-svetove-valky\/","title":{"rendered":"Pozv\u00e1nky na akce k 80. v\u00fdro\u010d\u00ed konce II. sv\u011btov\u00e9 v\u00e1lky"},"content":{"rendered":"<p><a href=\"http:\/\/regionplus.cz\/chuchle\/wp-content\/uploads\/sites\/2\/2025\/05\/Plakat-Vyroci-kveten-1945.jpg\"><img loading=\"lazy\" decoding=\"async\" class=\"size-full wp-image-1114 aligncenter\" src=\"http:\/\/regionplus.cz\/chuchle\/wp-content\/uploads\/sites\/2\/2025\/05\/Plakat-Vyroci-kveten-1945.jpg\" alt=\"\" width=\"600\" height=\"848\" srcset=\"https:\/\/regionplus.cz\/chuchle\/wp-content\/uploads\/sites\/2\/2025\/05\/Plakat-Vyroci-kveten-1945.jpg 600w, https:\/\/regionplus.cz\/chuchle\/wp-content\/uploads\/sites\/2\/2025\/05\/Plakat-Vyroci-kveten-1945-212x300.jpg 212w\" sizes=\"auto, (max-width: 600px) 100vw, 600px\" \/><\/a> <a href=\"http:\/\/regionplus.cz\/chuchle\/wp-content\/uploads\/sites\/2\/2025\/05\/Plakat-Pietni-akty.jpg\"><img loading=\"lazy\" decoding=\"async\" class=\"size-full wp-image-1115 alignnone\" src=\"http:\/\/regionplus.cz\/chuchle\/wp-content\/uploads\/sites\/2\/2025\/05\/Plakat-Pietni-akty.jpg\" alt=\"\" width=\"600\" height=\"848\" srcset=\"https:\/\/regionplus.cz\/chuchle\/wp-content\/uploads\/sites\/2\/2025\/05\/Plakat-Pietni-akty.jpg 600w, https:\/\/regionplus.cz\/chuchle\/wp-content\/uploads\/sites\/2\/2025\/05\/Plakat-Pietni-akty-212x300.jpg 212w\" sizes=\"auto, (max-width: 600px) 100vw, 600px\" \/><\/a><\/p>\n","protected":false},"excerpt":{"rendered":"","protected":false},"author":1,"featured_media":0,"comment_status":"open","ping_status":"open","sticky":false,"template":"","format":"standard","meta":{"footnotes":""},"categories":[1],"tags":[],"class_list":["post-1113","post","type-post","status-publish","format-standard","hentry","category-nezarazene"],"_links":{"self":[{"href":"https:\/\/regionplus.cz\/chuchle\/wp-json\/wp\/v2\/posts\/1113","targetHints":{"allow":["GET"]}}],"collection":[{"href":"https:\/\/regionplus.cz\/chuchle\/wp-json\/wp\/v2\/posts"}],"about":[{"href":"https:\/\/regionplus.cz\/chuchle\/wp-json\/wp\/v2\/types\/post"}],"author":[{"embeddable":true,"href":"https:\/\/regionplus.cz\/chuchle\/wp-json\/wp\/v2\/users\/1"}],"replies":[{"embeddable":true,"href":"https:\/\/regionplus.cz\/chuchle\/wp-json\/wp\/v2\/comments?post=1113"}],"version-history":[{"count":1,"href":"https:\/\/regionplus.cz\/chuchle\/wp-json\/wp\/v2\/posts\/1113\/revisions"}],"predecessor-version":[{"id":1116,"href":"https:\/\/regionplus.cz\/chuchle\/wp-json\/wp\/v2\/posts\/1113\/revisions\/1116"}],"wp:attachment":[{"href":"https:\/\/regionplus.cz\/chuchle\/wp-json\/wp\/v2\/media?parent=1113"}],"wp:term":[{"taxonomy":"category","embeddable":true,"href":"https:\/\/regionplus.cz\/chuchle\/wp-json\/wp\/v2\/categories?post=1113"},{"taxonomy":"post_tag","embeddable":true,"href":"https:\/\/regionplus.cz\/chuchle\/wp-json\/wp\/v2\/tags?post=1113"}],"curies":[{"name":"wp","href":"https:\/\/api.w.org\/{rel}","templated":true}]}}