{"id":1085,"date":"2024-06-26T08:30:12","date_gmt":"2024-06-26T06:30:12","guid":{"rendered":"https:\/\/regionplus.cz\/chuchle\/?p=1085"},"modified":"2024-06-26T08:30:12","modified_gmt":"2024-06-26T06:30:12","slug":"pred-dvaceti-lety-cesi-zijici-v-chorvatsku-pomohli-chuchelske-skole","status":"publish","type":"post","link":"https:\/\/regionplus.cz\/chuchle\/2024\/06\/26\/pred-dvaceti-lety-cesi-zijici-v-chorvatsku-pomohli-chuchelske-skole\/","title":{"rendered":"P\u0159ed dvaceti lety \u010ce\u0161i \u017eij\u00edc\u00ed v Chorvatsku pomohli chuchelsk\u00e9 \u0161kole"},"content":{"rendered":"<p>V r\u00e1mci oslav 90. v\u00fdro\u010d\u00ed vzniku Z\u00e1kladn\u00ed \u0161koly Charlotty Masarykov\u00e9, kter\u00e9 prob\u00edhaly ve \u0161koln\u00edm roce 2023\/2024, bylo mo\u017en\u00e9 si p\u0159ipomenout i m\u00e9n\u011b zn\u00e1m\u00e9 skute\u010dnosti z historie \u0161koly. Jednou z nich je i v\u00fdrazn\u00e1 pomoc \u010desk\u00e9 men\u0161iny v Chorvatsku v dob\u011b po povodni v roce 2002.<\/p>\n<p>Shodou okolnost\u00ed v dubnu a kv\u011btnu 2024 prob\u00edhala v Praze panelov\u00e1 v\u00fdstava s n\u00e1zvem <strong>Mil\u00ed \u010ce\u0161i, zdrav\u00edme z Chorvatska<\/strong>, kterou p\u0159ipravilo Ministerstvo vnitra \u010cR ve spolupr\u00e1ci s \u0159adou partner\u016f, mj. i Svazem \u010cech\u016f v Republice Chorvatsko. V\u00fdstava vypr\u00e1v\u00ed o pomoci, kterou v devades\u00e1t\u00fdch letech minul\u00e9ho stolet\u00ed poskytla na\u0161e zem\u011b lidem z v\u00e1lkou zm\u00edtan\u00e9ho Chorvatska a na druh\u00e9 stran\u011b o pomoci, kterou \u010ce\u0161i \u017eij\u00edc\u00ed v Chorvatsku poskytli \u010cesk\u00e9 republice p\u0159i \u0159e\u0161en\u00ed n\u00e1sledk\u016f p\u0159\u00edrodn\u00ed katastrofy.<\/p>\n<p><!--more--><\/p>\n<p>6. kv\u011btna 2003 nav\u0161t\u00edvili chuchelskou z\u00e1kladn\u00ed \u0161kolu z\u00e1stupci Svazu \u010cech\u016f v Republice Chorvatsko a p\u0159edali \u0161kole dar ve v\u00fd\u0161i 12 000 \u20ac, kter\u00fd shrom\u00e1\u017edily krajansk\u00e9 spolky v Chorvatsku z okol\u00ed m\u011bsta Daruvar na zm\u00edrn\u011bn\u00ed n\u00e1sledk\u016f ni\u010div\u00e9 povodn\u011b ze srpna 2002. Kr\u00e1tk\u00e9ho p\u0159\u00e1telsk\u00e9ho setk\u00e1n\u00ed se z\u00fa\u010dastnili za chorvatskou stranu Mgr. Zde\u0148ka \u010cuchnilov\u00e1 \u2013 poslankyn\u011b pro \u010deskou a slovenskou men\u0161inu Parlamentu Republiky Chorvatsko, Lenka Janotov\u00e1 \u2013 p\u0159edsedkyn\u011b Svazu \u010cech\u016f v Republice Chorvatsko a \u0159editelka \u010cesk\u00e9 z\u00e1kladn\u00ed \u0161koly J. A. Komensk\u00e9ho, Mgr. Ji\u0159ina Sta\u0148ov\u00e1 \u2013 m\u00edstop\u0159edsedkyn\u011b Svazu \u010cech\u016f a \u0159editelka NVI Jednota, JUDr. Jaroslav Vojta \u2013 m\u00edstop\u0159edseda Svazu \u010cech\u016f a dipl. Ing. Jarmila Kulhav\u00e1 \u2013 tajemnice Svazu \u010cech\u016f, za M\u0160MT Ing. Petr \u0160pirhanzl, za m\u011bstskou \u010d\u00e1st Praha \u2013 Velk\u00e1 Chuchle starosta Stanislav Fresl, m\u00edstostarosta Jan Z\u00e1gler a za \u0161kolu tehdej\u0161\u00ed \u0159editel Mgr. Ji\u0159\u00ed Kova\u0159\u00edk.<\/p>\n<p>T\u00fd\u017e den se shodou okolnost\u00ed konal p\u0159ed z\u00e1kladn\u00ed \u0161kolou pietn\u00ed akt k\u00a0v\u00fdro\u010d\u00ed ukon\u010den\u00ed II. sv\u011btov\u00e9 v\u00e1lky, kter\u00e9ho se host\u00e9 \u00fa\u010dastnili. N\u00e1sledn\u011b se sezn\u00e1mili s\u00a0histori\u00ed i sou\u010dasnost\u00ed \u0161koly i pr\u016fb\u011bhem povodn\u011b a nav\u0161t\u00edvili are\u00e1l mate\u0159sk\u00e9 \u0161koly. Ten se tehdy nach\u00e1zel ve Starol\u00e1ze\u0148sk\u00e9 ulici a b\u011bhem povodn\u011b byl zcela zaplaven a zni\u010den (ob\u011b budovy \u0161kolky byly prakticky pod hladinou). \u0160kolka po povodni kr\u00e1tce fungovala v\u00a0sokolovn\u011b, a pak se mal\u00ed \u0161kol\u00e1\u010dci spole\u010dn\u011b s\u00a0pan\u00ed u\u010ditelkami p\u0159esunuli do z\u00e1kladn\u00ed \u0161koly, kde pro n\u011b byly (i z\u00e1sluhou daru \u010desk\u00e9 men\u0161iny v\u00a0Chorvatsku) upraveny dv\u011b t\u0159\u00eddy se z\u00e1zem\u00edm v\u00a0tehdej\u0161\u00edm doln\u00edm pavilonu. \u0160kolka zde nucen\u011b z\u016fstala a\u017e do roku 2006, kdy byl slavnostn\u011b otev\u0159en sou\u010dasn\u00fd are\u00e1l v\u00a0ulici Na Ciheln\u011b.<\/p>\n<p>Tyto skute\u010dnosti p\u0159ipom\u00edn\u00e1 fotkou zaplaven\u00e9 oblasti kolem \u0161kolky i zm\u00edn\u011bn\u00e1 v\u00fdstava, jej\u00ed\u017e vernis\u00e1\u017e se konala 2. dubna 2024 v Ji\u017en\u00edch zahrad\u00e1ch Pra\u017esk\u00e9ho hradu. Zde byla k vid\u011bn\u00ed do konce dubna, v kv\u011btnu jste ji mohli zhl\u00e9dnout na Karlov\u011b n\u00e1m\u011bst\u00ed. V \u010dervnu se p\u0159esunula do Brna a v letn\u00edch m\u011bs\u00edc\u00edch ji spat\u0159\u00edte t\u0159eba b\u011bhem dovolen\u00e9 v Chorvatsku.<\/p>\n<p style=\"text-align: right;\">Tom\u00e1\u0161 Hrom\u00e1dka<\/p>\n<div id=\"attachment_1086\" style=\"width: 1530px\" class=\"wp-caption aligncenter\"><a href=\"http:\/\/regionplus.cz\/chuchle\/wp-content\/uploads\/sites\/2\/2024\/06\/skolkavdobekulminace14-8-02.jpg\"><img loading=\"lazy\" decoding=\"async\" aria-describedby=\"caption-attachment-1086\" class=\"size-full wp-image-1086\" src=\"http:\/\/regionplus.cz\/chuchle\/wp-content\/uploads\/sites\/2\/2024\/06\/skolkavdobekulminace14-8-02.jpg\" alt=\"\" width=\"1520\" height=\"833\" srcset=\"https:\/\/regionplus.cz\/chuchle\/wp-content\/uploads\/sites\/2\/2024\/06\/skolkavdobekulminace14-8-02.jpg 1520w, https:\/\/regionplus.cz\/chuchle\/wp-content\/uploads\/sites\/2\/2024\/06\/skolkavdobekulminace14-8-02-300x164.jpg 300w, https:\/\/regionplus.cz\/chuchle\/wp-content\/uploads\/sites\/2\/2024\/06\/skolkavdobekulminace14-8-02-1024x561.jpg 1024w, https:\/\/regionplus.cz\/chuchle\/wp-content\/uploads\/sites\/2\/2024\/06\/skolkavdobekulminace14-8-02-768x421.jpg 768w, https:\/\/regionplus.cz\/chuchle\/wp-content\/uploads\/sites\/2\/2024\/06\/skolkavdobekulminace14-8-02-500x274.jpg 500w\" sizes=\"auto, (max-width: 1520px) 100vw, 1520px\" \/><\/a><p id=\"caption-attachment-1086\" class=\"wp-caption-text\">Povode\u0148 v dob\u011b kulminace 14. 8. 2002 (are\u00e1l mate\u0159sk\u00e9 \u0161koly v lev\u00e9 \u010d\u00e1sti sn\u00edmku za jehli\u010dnat\u00fdm stromem)<\/p><\/div>\n","protected":false},"excerpt":{"rendered":"<p>V r\u00e1mci oslav 90. v\u00fdro\u010d\u00ed vzniku Z\u00e1kladn\u00ed \u0161koly Charlotty Masarykov\u00e9, kter\u00e9 prob\u00edhaly ve \u0161koln\u00edm roce 2023\/2024, bylo mo\u017en\u00e9 si p\u0159ipomenout i m\u00e9n\u011b zn\u00e1m\u00e9 skute\u010dnosti z historie \u0161koly. Jednou z nich je i v\u00fdrazn\u00e1 pomoc \u010desk\u00e9 men\u0161iny v Chorvatsku v dob\u011b &hellip; <a href=\"https:\/\/regionplus.cz\/chuchle\/2024\/06\/26\/pred-dvaceti-lety-cesi-zijici-v-chorvatsku-pomohli-chuchelske-skole\/\">Cel\u00fd p\u0159\u00edsp\u011bvek <span class=\"meta-nav\">&rarr;<\/span><\/a><\/p>\n","protected":false},"author":1,"featured_media":0,"comment_status":"open","ping_status":"open","sticky":false,"template":"","format":"standard","meta":{"footnotes":""},"categories":[1],"tags":[],"class_list":["post-1085","post","type-post","status-publish","format-standard","hentry","category-nezarazene"],"_links":{"self":[{"href":"https:\/\/regionplus.cz\/chuchle\/wp-json\/wp\/v2\/posts\/1085","targetHints":{"allow":["GET"]}}],"collection":[{"href":"https:\/\/regionplus.cz\/chuchle\/wp-json\/wp\/v2\/posts"}],"about":[{"href":"https:\/\/regionplus.cz\/chuchle\/wp-json\/wp\/v2\/types\/post"}],"author":[{"embeddable":true,"href":"https:\/\/regionplus.cz\/chuchle\/wp-json\/wp\/v2\/users\/1"}],"replies":[{"embeddable":true,"href":"https:\/\/regionplus.cz\/chuchle\/wp-json\/wp\/v2\/comments?post=1085"}],"version-history":[{"count":1,"href":"https:\/\/regionplus.cz\/chuchle\/wp-json\/wp\/v2\/posts\/1085\/revisions"}],"predecessor-version":[{"id":1087,"href":"https:\/\/regionplus.cz\/chuchle\/wp-json\/wp\/v2\/posts\/1085\/revisions\/1087"}],"wp:attachment":[{"href":"https:\/\/regionplus.cz\/chuchle\/wp-json\/wp\/v2\/media?parent=1085"}],"wp:term":[{"taxonomy":"category","embeddable":true,"href":"https:\/\/regionplus.cz\/chuchle\/wp-json\/wp\/v2\/categories?post=1085"},{"taxonomy":"post_tag","embeddable":true,"href":"https:\/\/regionplus.cz\/chuchle\/wp-json\/wp\/v2\/tags?post=1085"}],"curies":[{"name":"wp","href":"https:\/\/api.w.org\/{rel}","templated":true}]}}