{"id":1070,"date":"2024-03-22T09:40:25","date_gmt":"2024-03-22T08:40:25","guid":{"rendered":"http:\/\/regionplus.cz\/chuchle\/?p=1070"},"modified":"2024-03-22T09:40:25","modified_gmt":"2024-03-22T08:40:25","slug":"pred-dvaceti-lety-byla-v-cerne-rokli-zasazena-lipa-evropy","status":"publish","type":"post","link":"https:\/\/regionplus.cz\/chuchle\/2024\/03\/22\/pred-dvaceti-lety-byla-v-cerne-rokli-zasazena-lipa-evropy\/","title":{"rendered":"P\u0159ed dvaceti lety byla v \u010cern\u00e9 rokli zasazena L\u00edpa Evropy"},"content":{"rendered":"<div id=\"attachment_1071\" style=\"width: 310px\" class=\"wp-caption aligncenter\"><a href=\"http:\/\/regionplus.cz\/chuchle\/wp-content\/uploads\/sites\/2\/2024\/03\/2004_sazeni_lipy_evropy-chuchle-vedenimc.jpg\"><img loading=\"lazy\" decoding=\"async\" aria-describedby=\"caption-attachment-1071\" class=\"size-medium wp-image-1071\" src=\"http:\/\/regionplus.cz\/chuchle\/wp-content\/uploads\/sites\/2\/2024\/03\/2004_sazeni_lipy_evropy-chuchle-vedenimc-300x225.jpg\" alt=\"\" width=\"300\" height=\"225\" srcset=\"https:\/\/regionplus.cz\/chuchle\/wp-content\/uploads\/sites\/2\/2024\/03\/2004_sazeni_lipy_evropy-chuchle-vedenimc-300x225.jpg 300w, https:\/\/regionplus.cz\/chuchle\/wp-content\/uploads\/sites\/2\/2024\/03\/2004_sazeni_lipy_evropy-chuchle-vedenimc-400x300.jpg 400w, https:\/\/regionplus.cz\/chuchle\/wp-content\/uploads\/sites\/2\/2024\/03\/2004_sazeni_lipy_evropy-chuchle-vedenimc-160x120.jpg 160w, https:\/\/regionplus.cz\/chuchle\/wp-content\/uploads\/sites\/2\/2024\/03\/2004_sazeni_lipy_evropy-chuchle-vedenimc.jpg 600w\" sizes=\"auto, (max-width: 300px) 100vw, 300px\" \/><\/a><p id=\"caption-attachment-1071\" class=\"wp-caption-text\">S\u00e1zen\u00ed L\u00edpy Evropy 30. 4. 2004<\/p><\/div>\n<p>V roce 2024 si p\u0159ipom\u00edn\u00e1me dvacet let od vstupu \u010cesk\u00e9 republiky do Evropsk\u00e9 unie (1. kv\u011btna 2004). Dnes je u\u017e \u010dlenstv\u00ed na\u0161eho st\u00e1tu v t\u00e9to evropsk\u00e9 integraci samoz\u0159ejmost\u00ed, jsme zapojeni do v\u0161ech evropsk\u00fdch instituc\u00ed, m\u016f\u017eeme \u017e\u00edt a studovat kdekoliv v Evropsk\u00e9 unii, \u00fa\u010dastn\u00edme se spole\u010dn\u00e9ho rozhodov\u00e1n\u00ed, vol\u00edme do Evropsk\u00e9ho parlamentu.<\/p>\n<p>Vstup na\u0161eho st\u00e1tu do evropsk\u00e9ho spole\u010denstv\u00ed byl p\u0159ed lety spojen\u00fd s\u00a0mnoha o\u010dek\u00e1v\u00e1n\u00edmi, v\u017edy\u0165 politick\u00e1 reprezentace se o n\u011bj sna\u017eila deset let. Aby se na tuto v\u00fdznamnou ud\u00e1lost nezapomn\u011blo, 30. dubna 2004 vysadili zastupitel\u00e9 m\u011bstsk\u00e9 \u010d\u00e1sti spole\u010dn\u011b s\u00a0t\u0159ic\u00edtkou m\u00edstn\u00edch ob\u010dan\u016f pam\u00e1tnou L\u00edpu Evropy. Stalo se tak v\u00a0obecn\u00edm sadu pobl\u00ed\u017e \u010cern\u00e9 rokle, na m\u00edst\u011b s\u00a0rozhledem do \u00fadol\u00ed Velk\u00e9 Chuchle.<\/p>\n<div id=\"attachment_1072\" style=\"width: 235px\" class=\"wp-caption aligncenter\"><a href=\"http:\/\/regionplus.cz\/chuchle\/wp-content\/uploads\/sites\/2\/2024\/03\/2004_sazeni-lipy-evropy-chuchle.jpg\"><img loading=\"lazy\" decoding=\"async\" aria-describedby=\"caption-attachment-1072\" class=\"size-medium wp-image-1072\" src=\"http:\/\/regionplus.cz\/chuchle\/wp-content\/uploads\/sites\/2\/2024\/03\/2004_sazeni-lipy-evropy-chuchle-225x300.jpg\" alt=\"\" width=\"225\" height=\"300\" srcset=\"https:\/\/regionplus.cz\/chuchle\/wp-content\/uploads\/sites\/2\/2024\/03\/2004_sazeni-lipy-evropy-chuchle-225x300.jpg 225w, https:\/\/regionplus.cz\/chuchle\/wp-content\/uploads\/sites\/2\/2024\/03\/2004_sazeni-lipy-evropy-chuchle.jpg 600w\" sizes=\"auto, (max-width: 225px) 100vw, 225px\" \/><\/a><p id=\"caption-attachment-1072\" class=\"wp-caption-text\">S\u00e1zen\u00ed L\u00edpy Evropy 30. 4. 2004 &#8211; Josef St\u0159\u00edhavka, Stanislav Fresl<\/p><\/div>\n<p>Slavnost byla zah\u00e1jena v\u00a018 hodin kr\u00e1tk\u00fdm projevem starosty m\u011bstsk\u00e9 \u010d\u00e1sti Stanislava Fresla, kter\u00fd p\u0159iv\u00edtal p\u0159\u00edtomn\u00e9 ob\u010dany a n\u00e1sledn\u011b p\u0159edal slovo pra\u017esk\u00e9mu zastupiteli Ing. Franti\u0161ku Laud\u00e1tovi. Ten pohovo\u0159il o symbolu slovansk\u00e9 l\u00edpy, a o v\u00fdznamu vstupu \u010cesk\u00e9 republiky do Evropsk\u00e9 unie. Pak starosta\u00a0 za spolupr\u00e1ce m\u00edstostarosty Josefa St\u0159\u00edhavky vzrostlou l\u00edpu um\u00edstil do p\u0159ipraven\u00e9 j\u00e1my a zasypal zem\u00ed. Svoji ruku k d\u00edlu v\u0161ak p\u0159idali i ostatn\u00ed \u00fa\u010dastn\u00edci. Z \u010cern\u00e9 rokle byl nav\u00edc o p\u016flnoci z 30. na 1. kv\u011btna vyp\u00e1len slavnostn\u00ed oh\u0148ostroj trvaj\u00edc\u00ed t\u00e9m\u011b\u0159 deset minut.<\/p>\n<p style=\"text-align: right;\">Mgr. Tom\u00e1\u0161 Hrom\u00e1dka<\/p>\n<p style=\"text-align: right;\">kronik\u00e1\u0159 m\u011bstsk\u00e9 \u010d\u00e1sti Praha \u2013 Velk\u00e1 Chuchle<\/p>\n<div id=\"attachment_1073\" style=\"width: 516px\" class=\"wp-caption aligncenter\"><a href=\"http:\/\/regionplus.cz\/chuchle\/wp-content\/uploads\/sites\/2\/2024\/03\/2024-brezen-lipa-evropy-soucasny-stav.jpg\"><img loading=\"lazy\" decoding=\"async\" aria-describedby=\"caption-attachment-1073\" class=\"wp-image-1073 size-full\" src=\"http:\/\/regionplus.cz\/chuchle\/wp-content\/uploads\/sites\/2\/2024\/03\/2024-brezen-lipa-evropy-soucasny-stav.jpg\" alt=\"L\u00edpa Evropy - stav b\u0159ezen 2024\" width=\"506\" height=\"900\" srcset=\"https:\/\/regionplus.cz\/chuchle\/wp-content\/uploads\/sites\/2\/2024\/03\/2024-brezen-lipa-evropy-soucasny-stav.jpg 506w, https:\/\/regionplus.cz\/chuchle\/wp-content\/uploads\/sites\/2\/2024\/03\/2024-brezen-lipa-evropy-soucasny-stav-169x300.jpg 169w\" sizes=\"auto, (max-width: 506px) 100vw, 506px\" \/><\/a><p id=\"caption-attachment-1073\" class=\"wp-caption-text\">L\u00edpa Evropy &#8211; stav b\u0159ezen 2024<\/p><\/div>\n<p><!--more--><\/p>\n<p>S\u00e1zen\u00ed L\u00edpy Evropy: 30. 4. 2004\u00a0 zleva: Stanislav Fresl, Josef St\u0159\u00edhavka, (p\u0159idr\u017euje l\u00edpu), u lopaty Ing. Franti\u0161ek Laud\u00e1t. V pozad\u00ed MUDr. Jarom\u00edr Pisk\u00e1\u010dek a Mgr. Lenka Felix<\/p>\n<p>&nbsp;<\/p>\n<p>S\u00e1zen\u00ed L\u00edpy Evropy: 30. 4. 2004 \u2013 Zden\u011bk St\u0159\u00edhavka a Stanislav Fresl<\/p>\n<p>&nbsp;<\/p>\n<p>L\u00edpa Evropy \u2013 foto b\u0159ezen 2024<\/p>\n","protected":false},"excerpt":{"rendered":"<p>V roce 2024 si p\u0159ipom\u00edn\u00e1me dvacet let od vstupu \u010cesk\u00e9 republiky do Evropsk\u00e9 unie (1. kv\u011btna 2004). Dnes je u\u017e \u010dlenstv\u00ed na\u0161eho st\u00e1tu v t\u00e9to evropsk\u00e9 integraci samoz\u0159ejmost\u00ed, jsme zapojeni do v\u0161ech evropsk\u00fdch instituc\u00ed, m\u016f\u017eeme \u017e\u00edt a studovat kdekoliv v &hellip; <a href=\"https:\/\/regionplus.cz\/chuchle\/2024\/03\/22\/pred-dvaceti-lety-byla-v-cerne-rokli-zasazena-lipa-evropy\/\">Cel\u00fd p\u0159\u00edsp\u011bvek <span class=\"meta-nav\">&rarr;<\/span><\/a><\/p>\n","protected":false},"author":1,"featured_media":0,"comment_status":"open","ping_status":"open","sticky":false,"template":"","format":"standard","meta":{"footnotes":""},"categories":[1],"tags":[],"class_list":["post-1070","post","type-post","status-publish","format-standard","hentry","category-nezarazene"],"_links":{"self":[{"href":"https:\/\/regionplus.cz\/chuchle\/wp-json\/wp\/v2\/posts\/1070","targetHints":{"allow":["GET"]}}],"collection":[{"href":"https:\/\/regionplus.cz\/chuchle\/wp-json\/wp\/v2\/posts"}],"about":[{"href":"https:\/\/regionplus.cz\/chuchle\/wp-json\/wp\/v2\/types\/post"}],"author":[{"embeddable":true,"href":"https:\/\/regionplus.cz\/chuchle\/wp-json\/wp\/v2\/users\/1"}],"replies":[{"embeddable":true,"href":"https:\/\/regionplus.cz\/chuchle\/wp-json\/wp\/v2\/comments?post=1070"}],"version-history":[{"count":1,"href":"https:\/\/regionplus.cz\/chuchle\/wp-json\/wp\/v2\/posts\/1070\/revisions"}],"predecessor-version":[{"id":1074,"href":"https:\/\/regionplus.cz\/chuchle\/wp-json\/wp\/v2\/posts\/1070\/revisions\/1074"}],"wp:attachment":[{"href":"https:\/\/regionplus.cz\/chuchle\/wp-json\/wp\/v2\/media?parent=1070"}],"wp:term":[{"taxonomy":"category","embeddable":true,"href":"https:\/\/regionplus.cz\/chuchle\/wp-json\/wp\/v2\/categories?post=1070"},{"taxonomy":"post_tag","embeddable":true,"href":"https:\/\/regionplus.cz\/chuchle\/wp-json\/wp\/v2\/tags?post=1070"}],"curies":[{"name":"wp","href":"https:\/\/api.w.org\/{rel}","templated":true}]}}