{"id":1062,"date":"2024-01-12T22:50:20","date_gmt":"2024-01-12T21:50:20","guid":{"rendered":"http:\/\/regionplus.cz\/chuchle\/?p=1062"},"modified":"2024-01-12T23:02:02","modified_gmt":"2024-01-12T22:02:02","slug":"nova-kniha-dostihy-o-modrou-stuhu","status":"publish","type":"post","link":"https:\/\/regionplus.cz\/chuchle\/2024\/01\/12\/nova-kniha-dostihy-o-modrou-stuhu\/","title":{"rendered":"Nov\u00e1 kniha: Dostihy o modrou stuhu"},"content":{"rendered":"<p><strong>Kniha dostihov\u00e9ho novin\u00e1\u0159e a historika Martina C\u00e1pa s n\u00e1zvem Dostihy o modrou stuhu: Stolet\u00ed \u010cesk\u00e9ho derby ve slovech a obrazech, kter\u00e1 vy\u0161la na za\u010d\u00e1tku ledna, je unik\u00e1tn\u00ed nejen sv\u00fdm rozsahem a velikost\u00ed (568 stran,\u00a0 2,8 kilogramu), ale p\u0159edev\u0161\u00edm obsahem. Autor, se kter\u00fdm se m\u016f\u017eete b\u011bhem dostihov\u00e9 sez\u00f3ny osobn\u011b setkat v Chuchle Aren\u011b t\u00e9m\u011b\u0159 ka\u017edou ned\u011bli, na knize pracoval v\u00edce ne\u017e 25 let.<\/strong><\/p>\n<p><!--more--><\/p>\n<div id=\"attachment_1065\" style=\"width: 297px\" class=\"wp-caption alignright\"><a href=\"http:\/\/regionplus.cz\/chuchle\/wp-content\/uploads\/sites\/2\/2024\/01\/martin-cap-podepisuje-knihu.jpg\"><img loading=\"lazy\" decoding=\"async\" aria-describedby=\"caption-attachment-1065\" class=\"size-medium wp-image-1065\" src=\"http:\/\/regionplus.cz\/chuchle\/wp-content\/uploads\/sites\/2\/2024\/01\/martin-cap-podepisuje-knihu-287x300.jpg\" alt=\"\" width=\"287\" height=\"300\" srcset=\"https:\/\/regionplus.cz\/chuchle\/wp-content\/uploads\/sites\/2\/2024\/01\/martin-cap-podepisuje-knihu-287x300.jpg 287w, https:\/\/regionplus.cz\/chuchle\/wp-content\/uploads\/sites\/2\/2024\/01\/martin-cap-podepisuje-knihu.jpg 600w\" sizes=\"auto, (max-width: 287px) 100vw, 287px\" \/><\/a><p id=\"caption-attachment-1065\" class=\"wp-caption-text\">Martin C\u00e1p podepisuje knihu<\/p><\/div>\n<p><em>\u201eJe to m\u00e9 vyzn\u00e1n\u00ed l\u00e1sky dostih\u016fm, z\u00e1vodi\u0161ti ve Velk\u00e9 Chuchli a \u010cesk\u00e9mu derby,\u201c<\/em>\u00a0uvedl Martin C\u00e1p na internetu ve sv\u00e9m newsletteru O ko\u0148skou d\u00e9lku.\u00a0<em>\u201ePrvn\u00ed my\u0161lenka napsat o historii derby knihu m\u011b napadla u\u017e jako studenta. Moje p\u0159edstava byla od za\u010d\u00e1tku pom\u011brn\u011b konkr\u00e9tn\u00ed. Cht\u011bl jsem popsat ka\u017ed\u00fd ro\u010dn\u00edk derby jako zaj\u00edmav\u00fd p\u0159\u00edb\u011bh, p\u0159idat r\u016fzn\u00e9 zaj\u00edmavosti, dobov\u00e9 fotografie a samoz\u0159ejm\u011b tak\u00e9 faktografick\u00e9 \u00fadaje o v\u00fdsledku a kari\u00e9\u0159e v\u00edt\u011bze. Zpo\u010d\u00e1tku jsem hltal ve\u0161kerou dostupnou literaturu o kon\u00edch a dostiz\u00edch, sh\u00e1n\u011bl jsem dobov\u00e9 prameny a zalo\u017eil jsem si \u0161anon, kam jsem si v\u0161echny nalezen\u00e9 \u00fadaje a zaj\u00edmavosti zapisoval. Od konce devades\u00e1t\u00fdch let jsem p\u016fvodn\u00ed n\u00e1pad d\u00e1l prom\u00fd\u0161lel a rozv\u00edjel, hlavn\u011b jsem v\u0161ak intenzivn\u011b chodil na dostihy a setk\u00e1val se s lidmi kolem kon\u00ed. Vypr\u00e1v\u011bli mi sv\u00e9 p\u0159\u00edb\u011bhy, leckdy vyvraceli r\u016fzn\u00e9 tradovan\u00e9 omyly a m\u00fdty, a postupn\u011b m\u011bnili m\u016fj n\u00e1hled na t\u00e9ma. P\u016fvodn\u011b m\u011b zaj\u00edmali p\u0159edev\u0161\u00edm samotn\u00ed kon\u011b a jejich p\u0159\u00edb\u011bhy, ale postupn\u011b jsem pochopil, \u017ee skute\u010dnou hlavn\u00ed postavou knihy mus\u00ed b\u00fdt samotn\u00e9 derby. Nejen p\u0159\u00edmo ony dv\u011b a p\u016fl minuty nap\u011bt\u00ed, ale i dlouh\u00e9 m\u011bs\u00edce pr\u00e1ce v\u0161ech z\u00fa\u010dastn\u011bn\u00fdch a z\u00e1kulisn\u00ed p\u0159\u00edb\u011bhy, kter\u00e9 jim p\u0159edch\u00e1zej\u00ed. St\u00e1le \u010dast\u011bji jsem si tak\u00e9 za\u010dal kl\u00e1st ot\u00e1zku, kdo vlastn\u011b byli lid\u00e9, jejich\u017e z\u00e1sluhou se derby a rovinov\u00e9 dostihy u n\u00e1s kdysi etablovaly a d\u00edky nim\u017e tato \u00fa\u017easn\u00e1 tradice p\u0159etrvala a\u017e do dne\u0161n\u00edch dn\u016f. Jak\u00e9 byly jejich osudy, \u010demu v\u011b\u0159ili a co je poh\u00e1n\u011blo d\u00e1l?\u201c<\/em><\/p>\n<p>Tak vznikla rozs\u00e1hl\u00e1 kniha, kter\u00e1 popisuje nejen v\u0161ech dosavadn\u00edch 103 ro\u010dn\u00edk\u016f \u010ceskoslovensk\u00e9ho a \u010cesk\u00e9ho derby, ale i historii rovinov\u00fdch dostih\u016f v \u010desk\u00fdch zem\u00edch a samoz\u0159ejm\u011b i historii chuchelsk\u00e9ho dostihov\u00e9ho z\u00e1vodi\u0161t\u011b. P\u0159itom se poda\u0159ilo Martinovi C\u00e1povi soust\u0159edit mno\u017estv\u00ed dosud nepublikovan\u00fdch informac\u00ed a fotografi\u00ed, kter\u00e9 podrobil kritick\u00e9 anal\u00fdze a z\u00e1rove\u0148 je dok\u00e1zal zasadit do dobov\u00e9ho kontextu a \u010dtivou formou zprost\u0159edkovat \u010dten\u00e1\u0159i. A tak se t\u0159eba m\u016f\u017eete dozv\u011bd\u011bt, kdo vyhr\u00e1l derby v nespr\u00e1vn\u00e9m dresu, ani\u017e by se na to ofici\u00e1ln\u011b p\u0159i\u0161lo, \u010d\u00edm chuchelsk\u00e9 dostihy zaujaly slavn\u00e9ho autora obalu ty\u010dinky Kofila nebo jak\u00e9 bylo z\u00e1kulis\u00ed nejslavn\u011bj\u0161\u00ed z\u00e1m\u011bny kon\u00ed v historii Velk\u00e9 Chuchle.<\/p>\n<p>K\u0159est pl\u00e1nuje Martin C\u00e1p na b\u0159ezen, p\u0159esto je ji\u017e dnes mo\u017en\u00e9 knihu koupit na webu vydavatele knihy (Maentiva Management a.s.) na adrese\u00a0<a href=\"http:\/\/www.cupto.cz\/\">www.cupto.cz<\/a>\u00a0za 699 K\u010d + po\u0161tovn\u00e9.<\/p>\n<p><a href=\"http:\/\/regionplus.cz\/chuchle\/wp-content\/uploads\/sites\/2\/2024\/01\/dostihy_o_modrou_stuhu_obalkazm.jpg\"><img loading=\"lazy\" decoding=\"async\" class=\"aligncenter size-full wp-image-1063\" src=\"http:\/\/regionplus.cz\/chuchle\/wp-content\/uploads\/sites\/2\/2024\/01\/dostihy_o_modrou_stuhu_obalkazm.jpg\" alt=\"\" width=\"600\" height=\"668\" srcset=\"https:\/\/regionplus.cz\/chuchle\/wp-content\/uploads\/sites\/2\/2024\/01\/dostihy_o_modrou_stuhu_obalkazm.jpg 600w, https:\/\/regionplus.cz\/chuchle\/wp-content\/uploads\/sites\/2\/2024\/01\/dostihy_o_modrou_stuhu_obalkazm-269x300.jpg 269w\" sizes=\"auto, (max-width: 600px) 100vw, 600px\" \/><\/a><\/p>\n","protected":false},"excerpt":{"rendered":"<p>Kniha dostihov\u00e9ho novin\u00e1\u0159e a historika Martina C\u00e1pa s n\u00e1zvem Dostihy o modrou stuhu: Stolet\u00ed \u010cesk\u00e9ho derby ve slovech a obrazech, kter\u00e1 vy\u0161la na za\u010d\u00e1tku ledna, je unik\u00e1tn\u00ed nejen sv\u00fdm rozsahem a velikost\u00ed (568 stran,\u00a0 2,8 kilogramu), ale p\u0159edev\u0161\u00edm obsahem. Autor, &hellip; <a href=\"https:\/\/regionplus.cz\/chuchle\/2024\/01\/12\/nova-kniha-dostihy-o-modrou-stuhu\/\">Cel\u00fd p\u0159\u00edsp\u011bvek <span class=\"meta-nav\">&rarr;<\/span><\/a><\/p>\n","protected":false},"author":1,"featured_media":0,"comment_status":"open","ping_status":"open","sticky":false,"template":"","format":"standard","meta":{"footnotes":""},"categories":[1],"tags":[],"class_list":["post-1062","post","type-post","status-publish","format-standard","hentry","category-nezarazene"],"_links":{"self":[{"href":"https:\/\/regionplus.cz\/chuchle\/wp-json\/wp\/v2\/posts\/1062","targetHints":{"allow":["GET"]}}],"collection":[{"href":"https:\/\/regionplus.cz\/chuchle\/wp-json\/wp\/v2\/posts"}],"about":[{"href":"https:\/\/regionplus.cz\/chuchle\/wp-json\/wp\/v2\/types\/post"}],"author":[{"embeddable":true,"href":"https:\/\/regionplus.cz\/chuchle\/wp-json\/wp\/v2\/users\/1"}],"replies":[{"embeddable":true,"href":"https:\/\/regionplus.cz\/chuchle\/wp-json\/wp\/v2\/comments?post=1062"}],"version-history":[{"count":2,"href":"https:\/\/regionplus.cz\/chuchle\/wp-json\/wp\/v2\/posts\/1062\/revisions"}],"predecessor-version":[{"id":1066,"href":"https:\/\/regionplus.cz\/chuchle\/wp-json\/wp\/v2\/posts\/1062\/revisions\/1066"}],"wp:attachment":[{"href":"https:\/\/regionplus.cz\/chuchle\/wp-json\/wp\/v2\/media?parent=1062"}],"wp:term":[{"taxonomy":"category","embeddable":true,"href":"https:\/\/regionplus.cz\/chuchle\/wp-json\/wp\/v2\/categories?post=1062"},{"taxonomy":"post_tag","embeddable":true,"href":"https:\/\/regionplus.cz\/chuchle\/wp-json\/wp\/v2\/tags?post=1062"}],"curies":[{"name":"wp","href":"https:\/\/api.w.org\/{rel}","templated":true}]}}