{"id":699,"date":"2023-06-15T00:17:42","date_gmt":"2023-06-14T22:17:42","guid":{"rendered":"http:\/\/regionplus.cz\/chuchle\/?p=699"},"modified":"2023-06-15T00:17:42","modified_gmt":"2023-06-14T22:17:42","slug":"vzpominka-na-jana-zaglera","status":"publish","type":"post","link":"http:\/\/regionplus.cz\/chuchle\/2023\/06\/15\/vzpominka-na-jana-zaglera\/","title":{"rendered":"Vzpom\u00ednka na Jana Z\u00e1glera"},"content":{"rendered":"<div id=\"attachment_700\" style=\"width: 489px\" class=\"wp-caption aligncenter\"><a href=\"http:\/\/regionplus.cz\/chuchle\/wp-content\/uploads\/sites\/2\/2023\/06\/dostihy_zagler_piggott.jpg\"><img loading=\"lazy\" decoding=\"async\" aria-describedby=\"caption-attachment-700\" class=\"wp-image-700 size-full\" src=\"http:\/\/regionplus.cz\/chuchle\/wp-content\/uploads\/sites\/2\/2023\/06\/dostihy_zagler_piggott.jpg\" alt=\"\" width=\"479\" height=\"340\" srcset=\"http:\/\/regionplus.cz\/chuchle\/wp-content\/uploads\/sites\/2\/2023\/06\/dostihy_zagler_piggott.jpg 479w, http:\/\/regionplus.cz\/chuchle\/wp-content\/uploads\/sites\/2\/2023\/06\/dostihy_zagler_piggott-300x213.jpg 300w, http:\/\/regionplus.cz\/chuchle\/wp-content\/uploads\/sites\/2\/2023\/06\/dostihy_zagler_piggott-423x300.jpg 423w\" sizes=\"auto, (max-width: 479px) 100vw, 479px\" \/><\/a><p id=\"caption-attachment-700\" class=\"wp-caption-text\">Jan Z\u00e1gler (vlevo) s legend\u00e1rn\u00edm \u017eokejem Lester Piggotem na chuchelsk\u00e9m z\u00e1vodi\u0161ti v roce 2006. T\u00e9to fotografie si velmi v\u00e1\u017eil.<\/p><\/div>\n<p>3. \u010dervna 2023 zem\u0159el Jan Z\u00e1gler, dlouholet\u00fd zastupitel a m\u00edstostarosta m\u011bstsk\u00e9 \u010d\u00e1sti a tak\u00e9 jeden ze z\u00e1kl\u00e1daj\u00edc\u00edch \u010dlen\u016f redakce Chuchelsk\u00e9ho zpravodaje a jeho dlouholet\u00fd redaktor a fotograf. Mnoho let byl i starostou Sboru dobrovoln\u00fdch hasi\u010d\u016f ve Velk\u00e9 Chuchli. Cel\u00fd \u017eivot se zaj\u00edmal o dostihov\u00fd sport, na chuchelsk\u00e9m z\u00e1vodi\u0161ti byl od narozen\u00ed jako doma. Nejslavn\u011bj\u0161\u00ed chuchelsk\u00fd dostih \u2013 derby &#8211; vid\u011bl podle sv\u00fdch slov na vlastn\u00ed o\u010di v\u00edce ne\u017e \u0161edes\u00e1tkr\u00e1t, n\u011bkolikr\u00e1t i jako \u010dlen dostihov\u00e9 komise, ve kter\u00e9 od roku 1993 p\u016fsobil n\u00e1sleduj\u00edc\u00edch v\u00edce ne\u017e dvacet let.<\/p>\n<p>Velk\u00e1 Chuchle v Janu Z\u00e1glerovi ztratila m\u00edstn\u00edho patriota a mil\u00e9ho a ob\u011btav\u00e9ho \u010dlov\u011bka, pln\u00e9ho optimismu, kter\u00fd nikdy nezkazil \u017e\u00e1dnou legraci.<\/p>\n<p>Nikdy nezapomeneme!<\/p>\n<p>\u017divotn\u00ed osudy Jana Z\u00e1glera si budete moci p\u0159ipomenout ve zvl\u00e1\u0161tn\u00edm \u010dl\u00e1nku v rubrice Chuchelsk\u00e9 osobnosti<\/p>\n<p style=\"text-align: right;\">Mgr. Tom\u00e1\u0161 Hrom\u00e1dka,<\/p>\n<p style=\"text-align: right;\">kronik\u00e1\u0159 m\u011bstsk\u00e9 \u010d\u00e1sti Praha \u2013 Velk\u00e1 Chuchle<\/p>\n<p>&nbsp;<\/p>\n<p>Jan Z\u00e1gler pat\u0159il k m\u00fdm nejbli\u017e\u0161\u00edm spolupracovn\u00edk\u016fm. M\u011bl b\u00fdt jedn\u00edm z prvn\u00edch n\u00e1v\u0161t\u011bvn\u00edk\u016f a recenzent\u016f t\u011bchto internetov\u00fdch str\u00e1nek. Z mnoha r\u016fzn\u00fdch d\u016fvod\u016f byl jejich start odlo\u017een. A\u017e jeho odchod tam, odkud nen\u00ed n\u00e1vratu, m\u011b vedl k jejich zp\u0159\u00edstupn\u011bn\u00ed ve\u0159ejnosti.<\/p>\n<p>&nbsp;<\/p>\n","protected":false},"excerpt":{"rendered":"<p>3. \u010dervna 2023 zem\u0159el Jan Z\u00e1gler, dlouholet\u00fd zastupitel a m\u00edstostarosta m\u011bstsk\u00e9 \u010d\u00e1sti a tak\u00e9 jeden ze z\u00e1kl\u00e1daj\u00edc\u00edch \u010dlen\u016f redakce Chuchelsk\u00e9ho zpravodaje a jeho dlouholet\u00fd redaktor a fotograf. Mnoho let byl i starostou Sboru dobrovoln\u00fdch hasi\u010d\u016f ve Velk\u00e9 Chuchli. Cel\u00fd \u017eivot &hellip; <a href=\"http:\/\/regionplus.cz\/chuchle\/2023\/06\/15\/vzpominka-na-jana-zaglera\/\">Cel\u00fd p\u0159\u00edsp\u011bvek <span class=\"meta-nav\">&rarr;<\/span><\/a><\/p>\n","protected":false},"author":1,"featured_media":0,"comment_status":"open","ping_status":"open","sticky":false,"template":"","format":"standard","meta":{"footnotes":""},"categories":[1],"tags":[],"class_list":["post-699","post","type-post","status-publish","format-standard","hentry","category-nezarazene"],"_links":{"self":[{"href":"http:\/\/regionplus.cz\/chuchle\/wp-json\/wp\/v2\/posts\/699","targetHints":{"allow":["GET"]}}],"collection":[{"href":"http:\/\/regionplus.cz\/chuchle\/wp-json\/wp\/v2\/posts"}],"about":[{"href":"http:\/\/regionplus.cz\/chuchle\/wp-json\/wp\/v2\/types\/post"}],"author":[{"embeddable":true,"href":"http:\/\/regionplus.cz\/chuchle\/wp-json\/wp\/v2\/users\/1"}],"replies":[{"embeddable":true,"href":"http:\/\/regionplus.cz\/chuchle\/wp-json\/wp\/v2\/comments?post=699"}],"version-history":[{"count":1,"href":"http:\/\/regionplus.cz\/chuchle\/wp-json\/wp\/v2\/posts\/699\/revisions"}],"predecessor-version":[{"id":701,"href":"http:\/\/regionplus.cz\/chuchle\/wp-json\/wp\/v2\/posts\/699\/revisions\/701"}],"wp:attachment":[{"href":"http:\/\/regionplus.cz\/chuchle\/wp-json\/wp\/v2\/media?parent=699"}],"wp:term":[{"taxonomy":"category","embeddable":true,"href":"http:\/\/regionplus.cz\/chuchle\/wp-json\/wp\/v2\/categories?post=699"},{"taxonomy":"post_tag","embeddable":true,"href":"http:\/\/regionplus.cz\/chuchle\/wp-json\/wp\/v2\/tags?post=699"}],"curies":[{"name":"wp","href":"https:\/\/api.w.org\/{rel}","templated":true}]}}