{"id":557,"date":"2022-07-14T05:49:34","date_gmt":"2022-07-14T03:49:34","guid":{"rendered":"http:\/\/regionplus.cz\/chuchle\/?p=557"},"modified":"2022-07-22T08:25:40","modified_gmt":"2022-07-22T06:25:40","slug":"160-let-zeleznice-v-chuchli","status":"publish","type":"post","link":"http:\/\/regionplus.cz\/chuchle\/2022\/07\/14\/160-let-zeleznice-v-chuchli\/","title":{"rendered":"160 let \u017eeleznice v Chuchli"},"content":{"rendered":"<p><span style=\"color: #ff0000;\"><strong>14, \u010dervence 2022 uplynulo 160 let, kdy Malou a Velkou Chuchl\u00ed projel prvn\u00ed vlak. <\/strong><\/span><\/p>\n<p>O vybudov\u00e1n\u00ed \u017eelezni\u010dn\u00ed trati mezi Prahou a Plzn\u00ed se uva\u017eovalo na konci prvn\u00ed poloviny 19. stolet\u00ed, realizace v\u0161ak dostala jasn\u00e9 obrysy v pades\u00e1t\u00fdch letech, kdy byla podeps\u00e1na smlouva mezi habsburskou monarchi\u00ed a Bavorskem.<\/p>\n<p>V roce 1856 bylo ji\u017e jasn\u00e9, \u017ee trasa povede do m\u011bsta Furth im Wald &#8211; ze Sm\u00edchova p\u0159es Plze\u0148 a Doma\u017elice, p\u0159i\u010dem\u017e o \u017eelezni\u010dn\u00edm spojen\u00ed Sm\u00edchova s Prahou se zat\u00edm nejednalo. Po mnoha jedn\u00e1n\u00edch se realizace stavby ujali brat\u0159i Kleinov\u00e9 a \u010deskobud\u011bjovick\u00fd podnikatel Vojt\u011bch Lanna.<\/p>\n<p>Stav\u011bt se za\u010dalo na ja\u0159e 1860 sm\u011brem od Bavorska, \u00fasek do Plzn\u011b byl otev\u0159en v roce 1861.\u00a0 V t\u00e9m\u017ee roce byla zah\u00e1jena stavba trati z Plzn\u011b do Prahy. V\u00e1\u017en\u00fdm probl\u00e9m byl ale v\u00fdkup pozemk\u016f na Sm\u00edchov\u011b, kde majitel\u00e9 pozemk\u016f po\u017eadovali mnohem vy\u0161\u0161\u00ed cenu ne\u017e obvyklou. Hrozilo vyvlastn\u011bn\u00ed pozemk\u016f. Stavba se nevyhnula probl\u00e9m\u016fm \u2013 odst\u0159elov\u00e1n\u00ed skal mezi Zl\u00edchovem a Chuchl\u00ed, na ja\u0159e 1862 do\u0161lo na Berounce k povodni, p\u0159i kter\u00e9 byl po\u0161kozen pil\u00ed\u0159 mostu v Mokropsech. Na \u00fa\u0159ady doch\u00e1zely st\u00ed\u017enosti, mj. z Chuchle i ze Zbraslavi, kterou tra\u0165 minula.<\/p>\n<p>Z nedokon\u010den\u00e9ho n\u00e1dra\u017e\u00ed \u010cesk\u00e9 z\u00e1padn\u00ed dr\u00e1hy (jak se ofici\u00e1ln\u011b \u017eeleznice jmenovala) tak vyjel 14. \u010dervence prvn\u00ed vlak. Nechyb\u011bly proslovy, ceremonie. Jen p\u0159\u00edtomn\u00ed nebyli \u017e\u00e1dn\u00ed \u010de\u0161t\u00ed politici, proto\u017ee vztahy mezi V\u00eddn\u00ed a Prahou byly tou dobou napjat\u00e9.\u00a0 Jednokolejnou tra\u0165 obsluhovaly dva p\u00e1ry osobn\u00edch vlak\u016f.<\/p>\n<p style=\"text-align: right;\">Tom\u00e1\u0161 Hrom\u00e1dka<\/p>\n<p style=\"text-align: right;\">kronik\u00e1\u0159 m\u011bstsk\u00e9 \u010d\u00e1sti Praha \u2013 Velk\u00e1 Chuchle<\/p>\n<p><!--more--><\/p>\n<p>V\u00fdro\u010d\u00ed bylo na internetu p\u0159ipomenuto n\u011bkolika \u010dl\u00e1nky:<\/p>\n<p><a href=\"https:\/\/ct24.ceskatelevize.cz\/domaci\/3515230-ceska-zapadni-draha-je-trati-snu-o-zapadu-pohadek-ale-i-nenaplnenych-vizi-z-plzne-do\" target=\"_blank\" rel=\"noopener\">Milan Dolej\u0161\u00ed: \u010cesk\u00e1 z\u00e1padn\u00ed dr\u00e1ha je trat\u00ed sn\u016f o Z\u00e1padu, poh\u00e1dek, ale i nenapln\u011bn\u00fdch viz\u00ed. Z Plzn\u011b do Prahy jezd\u00ed vlaky 160 let (\u010cesk\u00e1 televize, 14. 7. 2022<\/a><\/p>\n<p>&nbsp;<\/p>\n","protected":false},"excerpt":{"rendered":"<p>14, \u010dervence 2022 uplynulo 160 let, kdy Malou a Velkou Chuchl\u00ed projel prvn\u00ed vlak. O vybudov\u00e1n\u00ed \u017eelezni\u010dn\u00ed trati mezi Prahou a Plzn\u00ed se uva\u017eovalo na konci prvn\u00ed poloviny 19. stolet\u00ed, realizace v\u0161ak dostala jasn\u00e9 obrysy v pades\u00e1t\u00fdch letech, kdy byla &hellip; <a href=\"http:\/\/regionplus.cz\/chuchle\/2022\/07\/14\/160-let-zeleznice-v-chuchli\/\">Cel\u00fd p\u0159\u00edsp\u011bvek <span class=\"meta-nav\">&rarr;<\/span><\/a><\/p>\n","protected":false},"author":1,"featured_media":0,"comment_status":"open","ping_status":"open","sticky":false,"template":"","format":"standard","meta":{"footnotes":""},"categories":[1],"tags":[],"class_list":["post-557","post","type-post","status-publish","format-standard","hentry","category-nezarazene"],"_links":{"self":[{"href":"http:\/\/regionplus.cz\/chuchle\/wp-json\/wp\/v2\/posts\/557","targetHints":{"allow":["GET"]}}],"collection":[{"href":"http:\/\/regionplus.cz\/chuchle\/wp-json\/wp\/v2\/posts"}],"about":[{"href":"http:\/\/regionplus.cz\/chuchle\/wp-json\/wp\/v2\/types\/post"}],"author":[{"embeddable":true,"href":"http:\/\/regionplus.cz\/chuchle\/wp-json\/wp\/v2\/users\/1"}],"replies":[{"embeddable":true,"href":"http:\/\/regionplus.cz\/chuchle\/wp-json\/wp\/v2\/comments?post=557"}],"version-history":[{"count":3,"href":"http:\/\/regionplus.cz\/chuchle\/wp-json\/wp\/v2\/posts\/557\/revisions"}],"predecessor-version":[{"id":560,"href":"http:\/\/regionplus.cz\/chuchle\/wp-json\/wp\/v2\/posts\/557\/revisions\/560"}],"wp:attachment":[{"href":"http:\/\/regionplus.cz\/chuchle\/wp-json\/wp\/v2\/media?parent=557"}],"wp:term":[{"taxonomy":"category","embeddable":true,"href":"http:\/\/regionplus.cz\/chuchle\/wp-json\/wp\/v2\/categories?post=557"},{"taxonomy":"post_tag","embeddable":true,"href":"http:\/\/regionplus.cz\/chuchle\/wp-json\/wp\/v2\/tags?post=557"}],"curies":[{"name":"wp","href":"https:\/\/api.w.org\/{rel}","templated":true}]}}